{"id":3445,"date":"2023-11-06T14:59:04","date_gmt":"2023-11-06T14:59:04","guid":{"rendered":"https:\/\/solang-der-herrgott-will.it\/?p=3445"},"modified":"2023-11-16T15:34:55","modified_gmt":"2023-11-16T15:34:55","slug":"s-dtirol-juwel-der-dolomiten-doppelfolge-3","status":"publish","type":"post","link":"https:\/\/geosfilm.com\/it\/2023\/11\/06\/s-dtirol-juwel-der-dolomiten-doppelfolge-3\/","title":{"rendered":"&#8220;S\u00dcDTIROL &#8211; JUWEL DER DOLOMITEN&#8221; DOPPELFOLGE"},"content":{"rendered":"<div class=\"itemIntroText\" data-mce-fragment=\"1\">\n<p data-mce-fragment=\"1\">In einem aufw\u00e4ndigen Zweiteiler soll die Firma geosfilm diese gro\u00dfr\u00e4umigen Vorbildlandschaften S\u00fcdtirols festhalten. Nach Vorrecherchen von Karin Duregger aus Meran, wurde dann das Drehbuch zum Zweiteiler \u201eS\u00fcdtirol \u2013 Juwel der Dolomiten\u201c von ihr geschrieben. Die Regisseure Hubert Sch\u00f6negger(S\u00fcdtirol) und Werner Bertolan(Deutschland) wollen diese Geschichte \u00fcber S\u00fcdtirol in gekonnter Art und Weise f\u00fcr ein breites Publikum umsetzten.<\/p>\n<\/div>\n<div class=\"itemFullText\" data-mce-fragment=\"1\">\n<p data-mce-fragment=\"1\">Produziert wird die Doppelfolge von geosfilm mit seinem Team, Kamera Hubert Sch\u00f6negger, Erg\u00e4nzende Kamera in der Wand Michael Tscholl, Tonassistent Matthias Sch\u00f6negger sowie dem Techniker Alexander Zeidler. Dabei setzt geosfilm auf hochkar\u00e4tige Technik wie die Kameras RED EPIC, RED ONE, Blackmagic, um den Film in hochaufl\u00f6sendem 4K drehen zu k\u00f6nnen. Kamerakran und Gimbal kommen zum Einsatz um das &#8220;Juwel der Dolomiten&#8221; in beweglichen Bildern wieder zu geben. Begleitet wird das Team in erster Line von Bergf\u00fchrer Hanspeter Eisendle aus Sterzing und Simon Messner, aber auch von seinem Vater Reinhold Messner.<\/p>\n<p data-mce-fragment=\"1\">Der Fokus dieses Zweiteiler- Dokumentarfilmes liegt auf den Dolomiten in S\u00fcdtirol, da hier ein besonderer kultureller Ballungsraum mit unterschiedlichen Volksgruppen angesiedelt ist und hier auf engstem Raum unterschiedlichste geomorphologische Zonen aufeinandertreffen wie weltweit kaum sonst wo. Die Dolomiten sind aber nicht nur naturkundlich wertvoll, sie sind auch wesentlich f\u00fcr die Identit\u00e4tsbildung der dort lebenden Menschen. Der Film verwebt deshalb in die Dramaturgie besondere Charaktere und Geschichten von Menschen, die in den Dolomiten leben und dort agieren. Menschen, die einerseits die Traditionen pflegen, sich aber auch einer wandelnden Gegenwart und einer Zukunftsrealit\u00e4t stellen.<\/p>\n<p data-mce-fragment=\"1\">Im Film wird Bergbauern im Gadertal beim M\u00e4hen steilster Wiesen \u00fcber die Schulter geschaut, ein Holzschnitzer in Gr\u00f6den bei diesem jahrhundertealten Handwerk begleitet, ein Mineraliensammler f\u00fchrt uns an seine geheimen Sammelpl\u00e4tze tief im Fels. Ein Bergf\u00fchrer und gleichzeitig Designer in einem gro\u00dfen Modehaus ist mit einem Pferd durch die Dolomiten geritten und hat sein Zuhause so auf eine besondere Art und Weise kennengelernt und gew\u00e4hrt auch uns noch einmal Einblicke. Oder ein Schafz\u00fcchter im Villn\u00f6sstal &#8211; in der Heimat Reinhold Messners &#8211; er lebt mit seiner Familie im Sommer bewusst vier Monate auf der Hochalm und versucht den urbanen, gesellschaftlichen Zw\u00e4ngen zu entfliehen.<\/p>\n<p data-mce-fragment=\"1\">Der Grundtenor des Filmes ist keine Ankn\u00fcpfung an die lieblichen Dokumentar- und Heimatfilme der 70er und 80er Jahre. Authentizit\u00e4t und Echtheit zeichnen das Filmkonzept aus. Um die Geschichten dieser exemplarisch ausgew\u00e4hlten Menschen werden die wesentlichen Themen der Dolomiten drapiert und erz\u00e4hlt: Entstehungsgeschichte und Geologie, eine Alpingeschichte in Abrissen, die Dolomiten als Bergsteiger Dorado, eine Bergfilmgeschichte wie &#8220;Tr\u00e4nen der Sextner Dolomiten&#8221;, ein grausamer Erster Weltkrieg mit einem harten Kampf gegen die Naturgewalten, die Dolomiten als Heimat einer vielf\u00e4ltigen Tier- und Pflanzenwelt, sowie aber auch ein Wandel im Tourismus mit \u00f6kologischen Gesichtspunkten und die Frage nach \u00c4sthetik, Authentizit\u00e4t und Kitsch.<br data-mce-fragment=\"1\">Diese Themen werden den vier Jahreszeiten entsprechend ins Storytelling eingewebt. F\u00fcr den ersten Teil sind Drehs im Sommer und Herbst angedacht, f\u00fcr den zweiten Teil Drehs im Winter und Fr\u00fchling. Durch einen Zweiteiler, unterteilt in die vier Jahreszeiten, k\u00f6nnen alle Basic-Themen der Dolomiten visuell und inhaltlich ad\u00e4quat abgedeckt werden.<\/p>\n<p data-mce-fragment=\"1\">\u00a0<\/p>\n<p data-mce-fragment=\"1\">&#8220;S\u00fcdtirol &#8211; Juwel der Dolomiten&#8221;<br data-mce-fragment=\"1\">Doppelfolge<\/p>\n<p data-mce-fragment=\"1\">Format: Servus Tv &#8211; &#8220;Bergwelten&#8221;<br data-mce-fragment=\"1\">Produktion: Geosfilm, Innichen\/S\u00fcdtirol<br data-mce-fragment=\"1\">Produzent: Hubert Sch\u00f6negger<br data-mce-fragment=\"1\">Regie: Hubert Sch\u00f6negger \/ Werner Bertolan<br data-mce-fragment=\"1\">Buch: Karin Duregger<br data-mce-fragment=\"1\">L\u00e4nge: 2x 50 Minuten<\/p>\n<\/div>\n","protected":false},"excerpt":{"rendered":"<p>In einem aufw\u00e4ndigen Zweiteiler soll die Firma geosfilm diese gro\u00dfr\u00e4umigen Vorbildlandschaften S\u00fcdtirols festhalten. Nach Vorrecherchen von Karin Duregger aus Meran, wurde dann das Drehbuch zum Zweiteiler \u201eS\u00fcdtirol \u2013 Juwel der Dolomiten\u201c von ihr geschrieben. Die Regisseure Hubert Sch\u00f6negger(S\u00fcdtirol) und Werner Bertolan(Deutschland) wollen diese Geschichte \u00fcber S\u00fcdtirol in gekonnter Art und Weise f\u00fcr ein breites Publikum&hellip;&nbsp;<a href=\"https:\/\/geosfilm.com\/it\/2023\/11\/06\/s-dtirol-juwel-der-dolomiten-doppelfolge-3\/\" rel=\"bookmark\">Leggi tutto &raquo;<span class=\"screen-reader-text\">&#8220;S\u00dcDTIROL &#8211; JUWEL DER DOLOMITEN&#8221; DOPPELFOLGE<\/span><\/a><\/p>\n","protected":false},"author":1,"featured_media":3446,"comment_status":"open","ping_status":"open","sticky":false,"template":"","format":"standard","meta":{"prwc_products":"","prwc_not_all_products_required":false,"prwc_not_bought_page":"","prwc_redirect_not_bought":false,"prwc_not_logged_in_page":"","prwc_redirect_not_logged_in":false,"prwc_timeout_days":0,"prwc_timeout_hours":0,"prwc_timeout_minutes":0,"prwc_timeout_seconds":0,"prwc_timeout_views":0,"neve_meta_sidebar":"","neve_meta_container":"","neve_meta_enable_content_width":"","neve_meta_content_width":0,"neve_meta_title_alignment":"","neve_meta_author_avatar":"","neve_post_elements_order":"","neve_meta_disable_header":"","neve_meta_disable_footer":"","neve_meta_disable_title":"","_themeisle_gutenberg_block_has_review":false,"footnotes":""},"categories":[],"tags":[450],"class_list":["post-3445","post","type-post","status-publish","format-standard","has-post-thumbnail","hentry","tag-450"],"_links":{"self":[{"href":"https:\/\/geosfilm.com\/it\/wp-json\/wp\/v2\/posts\/3445","targetHints":{"allow":["GET"]}}],"collection":[{"href":"https:\/\/geosfilm.com\/it\/wp-json\/wp\/v2\/posts"}],"about":[{"href":"https:\/\/geosfilm.com\/it\/wp-json\/wp\/v2\/types\/post"}],"author":[{"embeddable":true,"href":"https:\/\/geosfilm.com\/it\/wp-json\/wp\/v2\/users\/1"}],"replies":[{"embeddable":true,"href":"https:\/\/geosfilm.com\/it\/wp-json\/wp\/v2\/comments?post=3445"}],"version-history":[{"count":0,"href":"https:\/\/geosfilm.com\/it\/wp-json\/wp\/v2\/posts\/3445\/revisions"}],"wp:featuredmedia":[{"embeddable":true,"href":"https:\/\/geosfilm.com\/it\/wp-json\/wp\/v2\/media\/3446"}],"wp:attachment":[{"href":"https:\/\/geosfilm.com\/it\/wp-json\/wp\/v2\/media?parent=3445"}],"wp:term":[{"taxonomy":"category","embeddable":true,"href":"https:\/\/geosfilm.com\/it\/wp-json\/wp\/v2\/categories?post=3445"},{"taxonomy":"post_tag","embeddable":true,"href":"https:\/\/geosfilm.com\/it\/wp-json\/wp\/v2\/tags?post=3445"}],"curies":[{"name":"wp","href":"https:\/\/api.w.org\/{rel}","templated":true}]}}