{"id":3439,"date":"2023-11-06T14:57:17","date_gmt":"2023-11-06T13:57:17","guid":{"rendered":"https:\/\/solang-der-herrgott-will.it\/?p=3439"},"modified":"2025-05-09T18:25:34","modified_gmt":"2025-05-09T16:25:34","slug":"referenze","status":"publish","type":"post","link":"https:\/\/geosfilm.com\/it\/2023\/11\/06\/referenze\/","title":{"rendered":"Referenze"},"content":{"rendered":"<div class=\"itemIntroText\" data-mce-fragment=\"1\">\n<p data-mce-fragment=\"1\">La societ\u00e0 di produzione cinematografica geosfilm \u00e8 stata fondata nel 2007 da Hubert Sch\u00f6negger. Sch\u00f6negger lavora nel settore cinematografico dal 1989 &#8211; come pubblicista, cameraman, montatore e regista in produzioni nazionali e internazionali per programmi televisivi trasmessi principalmente nei paesi di lingua tedesca e italiana.<\/p>\n<\/div>\n<div class=\"itemFullText\" data-mce-fragment=\"1\">\n<p data-mce-fragment=\"1\"><br data-mce-fragment=\"1\">In qualit\u00e0 di co-partner Sch\u00f6negger \u00e8 stato anche produttore di molti programmi. Tra queste figurano produzioni molto apprezzate e nominate in diversi festival come \u201cAuenlandschaften Alto Adige\u201d, \u201cAm Abgrund \u2013 La mia casa, la mia vita\u201d, \u201cAlto Adige \u2013 La vita in un gioiello naturale (ORF Universum)\u201d, i sette parchi naturali dell\u2019Alto Adige\u201d e molti altri. L&#8217;esperienza maturata attraverso molteplici collaborazioni con altre societ\u00e0 di produzione come EPO-Film (Austria), Movieman-Productions (Germania), produttori come RAI Cinema (Cinecitt\u00e0, Italia) e societ\u00e0 televisive come RAI, ORF, ARD, ZDF, SWR , SR, NDR, BR , PRO7, arte, 3sat, BBC, ServusTV sono una base importante per numerose produzioni geosfilm.<\/p>\n<p data-mce-fragment=\"1\">Hubert Sch\u00f6negger, titolare della geosfilm KG, \u00e8 una piccola azienda in termini di struttura del personale, ma opera in modo pi\u00f9 efficiente. Fin dalla sua fondazione, geosfilm \u00e8 riuscita ad affermarsi con successo nel campo dei documentari sulla natura accanto a documentari culturali, reportage e reportage sportivi, nonch\u00e9 a produzioni pi\u00f9 grandi. Ci\u00f2 \u00e8 tanto pi\u00f9 notevole in quanto l&#8217;azienda ha dimostrato, con bassi costi di produzione, che sono possibili produzioni di alta qualit\u00e0 e di successo internazionale dall&#8217;Alto Adige. Geosfilm ha conquistato la sua posizione leader sul mercato in Alto Adige soprattutto grazie alla sua costante presenza nei media. Ci\u00f2 viene sottolineato pi\u00f9 volte con diversi ordini provenienti dalla Regione dell&#8217;Alto Adige e da aziende leader di tutti i settori economici.<\/p>\n<p data-mce-fragment=\"1\"><strong data-mce-fragment=\"1\">Le famose produzioni geosfilm di Hubert Sch\u00f6neggers includono:<\/strong><\/p>\n<p data-mce-fragment=\"1\"><em data-mce-fragment=\"1\">\u201cLacrime delle Dolomiti di Sesto\u201d (2014)<br data-mce-fragment=\"1\"> \u201cI paesaggi golenali dell\u2019Alto Adige\u201d (2013)<\/em> <br data-mce-fragment=\"1\"><em data-mce-fragment=\"1\">\u201cParchi naturali dell\u2019Alto Adige\u201d (2006-2011)<\/em><br data-mce-fragment=\"1\"> <em data-mce-fragment=\"1\">\u201cParadiso e inferno in Alto Adige\u201d (2011)<\/em><br data-mce-fragment=\"1\"> <em data-mce-fragment=\"1\">\u201cAlta Via Carnica \u2013 Una via con un passato, una via con un futuro\u201d (2010)<\/em><br data-mce-fragment=\"1\"> <em data-mce-fragment=\"1\">\u201cVita ai margini in Alto Adige\u201d (2010)<\/em><br data-mce-fragment=\"1\"> <em data-mce-fragment=\"1\">\u201cSul crinale dei tempi e delle culture \u2013 lungo l\u2019Alta Via Carnica\u201d (2009)<\/em><br data-mce-fragment=\"1\"> <em data-mce-fragment=\"1\">\u201cNel Giardino delle Dolomiti\u201d (2009)<\/em><br data-mce-fragment=\"1\"> <em data-mce-fragment=\"1\">\u201cAlto Adige \u2013 La vita in un gioiello naturale\u201d ORF Universum (2007)<\/em><br data-mce-fragment=\"1\"> <em data-mce-fragment=\"1\">\u201cTesoro della diversit\u00e0\u201d (2006)<\/em><br data-mce-fragment=\"1\"> <em data-mce-fragment=\"1\">\u201cSulle tracce dello stambecco\u201d (2005)<\/em><br data-mce-fragment=\"1\"> <em data-mce-fragment=\"1\">\u201cSull&#8217;Abisso \u2013 La mia casa, la mia vita\u201d (2001)<\/em><br data-mce-fragment=\"1\"> <em data-mce-fragment=\"1\">\u201cGustav Mahler in Val Pusteria \u2013 \u201cSinfonia della vita\u201d (2000)<\/em><\/p>\n<p data-mce-fragment=\"1\">&nbsp;<\/p>\n<p data-mce-fragment=\"1\">Innumerevoli articoli su Hubert Sch\u00f6negger e geosfilm parlano da soli. Complessivamente Hubert Sch\u00f6negger ha realizzato oltre 100 produzioni. Con geosfilm, dal 2007, sono gi\u00e0 oltre 30.<\/p>\n<p data-mce-fragment=\"1\">Forti e motivati \u200b\u200bda successi e ascolti elevati (ad es. ORF Universum S\u00fcdtirol &#8211; La vita in un gioiello della natura, 835.000 spettatori, 24 luglio 2008, &#8220;La vita negli abissi in Alto Adige&#8221;, 8 giugno 2011, quota di mercato 9,3%, ), premi (Cerro d&#8217;Argento al Film Festival di Lesina (Verona) per &#8220;On the Abyss &#8211; My Home, My Life&#8221;) e nomination in vari festival a Trento, Verona, Slovenia, Toronto, Milano, geosfilm sta cercando di espandersi le proprie attivit\u00e0 produttive ad altri territori. L&#8217;obiettivo dell&#8217;azienda nel prossimo futuro \u00e8 attirare l&#8217;attenzione con lungometraggi di alta qualit\u00e0 per il cinema e la televisione e continuare cos\u00ec il suo percorso di successo fino ad oggi. L\u2019idea di realizzare un progetto pilota come \u201cLacrime delle Dolomiti di Sesto\u201d \u00e8 nata diversi anni fa. L&#8217;esperienza di poter realizzare con successo progetti anche con un numero ristretto di dipendenti pi\u00f9 motivati \u200b\u200brafforza la decisione dell&#8217;azienda di poter affrontare un lungometraggio con un team ristretto.<\/p>\n<p data-mce-fragment=\"1\">Oltre a Hubert Sch\u00f6negger fanno parte di questo team anche Alexander Zeidler (Strassen Osttirol), Martin Sch\u00f6negger e Peter Leiter (Sillian), il compositore Hansj\u00f6rg Mutschlechner, che da anni fa parte della storia di successo di geosfilm come freelance indispensabile. Ognuno apporta le proprie esperienze, idee e creativit\u00e0 alle produzioni e costituisce una solida base per geosfilm.<\/p>\n<p data-mce-fragment=\"1\">Geosfilm conta anche sulla sua esperienza e sul suo successo come societ\u00e0 di produzione di documentari. Queste produzioni continueranno a costituire la pietra angolare dell\u2019azienda. Oltre a questa base, l&#8217;attivit\u00e0 si sta ora espandendo per includere lungometraggi. Grazie alla sua attivit\u00e0 principale in Alto Adige, geosfilm pu\u00f2 contare su innumerevoli location. Inoltre la societ\u00e0 di produzione pu\u00f2 contare su aziende, club e organizzazioni, nonch\u00e9 su una troupe cinematografica, che conoscono la zona e hanno gi\u00e0 lavorato con successo con geosfilm. Questo \u00e8 un vantaggio inestimabile per il film e per l\u2019azienda.<\/p>\n<p data-mce-fragment=\"1\">&nbsp;<\/p>\n<table border=\"2px\" width=\"99%\" cellspacing=\"4px\" cellpadding=\"4px\" data-mce-fragment=\"1\">\n<tbody data-mce-fragment=\"1\">\n<tr data-mce-fragment=\"1\">\n<td width=\"172\" data-mce-fragment=\"1\">\n<p data-mce-fragment=\"1\"><strong data-mce-fragment=\"1\">Produzione del titolo<\/strong><\/p>\n<\/td>\n<td width=\"113\" data-mce-fragment=\"1\">\n<p data-mce-fragment=\"1\"><strong data-mce-fragment=\"1\">Mittente\/cliente<\/strong><\/p>\n<\/td>\n<td width=\"45\" data-mce-fragment=\"1\">\n<p data-mce-fragment=\"1\"><strong data-mce-fragment=\"1\">Anno<\/strong><\/p>\n<\/td>\n<td width=\"126\" data-mce-fragment=\"1\">\n<p data-mce-fragment=\"1\"><strong data-mce-fragment=\"1\">Partecipazione come<\/strong><\/p>\n<\/td>\n<td width=\"125\" data-mce-fragment=\"1\">\n<p data-mce-fragment=\"1\"><strong data-mce-fragment=\"1\">Luoghi delle riprese<\/strong><\/p>\n<\/td>\n<td width=\"54\" data-mce-fragment=\"1\">\n<p data-mce-fragment=\"1\"><strong data-mce-fragment=\"1\">lunghezza<\/strong><\/p>\n<\/td>\n<\/tr>\n<tr data-mce-fragment=\"1\">\n<td width=\"172\" data-mce-fragment=\"1\">\n<p data-mce-fragment=\"1\"><strong data-mce-fragment=\"1\">\u201cLa mia casa, la mia vita \u2013 lavoro e costumi in montagna\u201d<\/strong><\/p>\n<\/td>\n<td width=\"113\" data-mce-fragment=\"1\">\n<p data-mce-fragment=\"1\">Studio cinematografico Sch\u00f6negger<\/p>\n<\/td>\n<td width=\"45\" data-mce-fragment=\"1\">\n<p data-mce-fragment=\"1\">1990<\/p>\n<\/td>\n<td width=\"126\" data-mce-fragment=\"1\">\n<p data-mce-fragment=\"1\">Regia, telecamera, montaggio, produzione<\/p>\n<\/td>\n<td width=\"125\" data-mce-fragment=\"1\">\n<p data-mce-fragment=\"1\">Alto Adige<\/p>\n<\/td>\n<td width=\"54\" data-mce-fragment=\"1\">\n<p data-mce-fragment=\"1\">45 minuti<\/p>\n<\/td>\n<\/tr>\n<tr data-mce-fragment=\"1\">\n<td width=\"172\" data-mce-fragment=\"1\">\n<p data-mce-fragment=\"1\">Foresta cinematografica<br data-mce-fragment=\"1\"> <strong data-mce-fragment=\"1\">\u201cAlbero di Natale a Vienna\u201d<br data-mce-fragment=\"1\"><\/strong><\/p>\n<\/td>\n<td width=\"113\" data-mce-fragment=\"1\">\n<p data-mce-fragment=\"1\">Provincia Autonoma di Bolzano &#8211; Corpo Forestale<\/p>\n<\/td>\n<td width=\"45\" data-mce-fragment=\"1\">\n<p data-mce-fragment=\"1\">1991<\/p>\n<\/td>\n<td width=\"126\" data-mce-fragment=\"1\">\n<p data-mce-fragment=\"1\">Regia, telecamera, montaggio, produzione<\/p>\n<\/td>\n<td width=\"125\" data-mce-fragment=\"1\">\n<p data-mce-fragment=\"1\">Vienna, Alto Adige<\/p>\n<\/td>\n<td width=\"54\" data-mce-fragment=\"1\">\n<p data-mce-fragment=\"1\">20 minuti<\/p>\n<\/td>\n<\/tr>\n<tr data-mce-fragment=\"1\">\n<td width=\"172\" data-mce-fragment=\"1\">\n<p data-mce-fragment=\"1\"><strong data-mce-fragment=\"1\">\u201cOrso delle caverne di Conturines\u201d<br data-mce-fragment=\"1\"><\/strong><\/p>\n<\/td>\n<td width=\"113\" data-mce-fragment=\"1\">\n<p data-mce-fragment=\"1\">RAI Bolzano, RAI Ladino, ORF<\/p>\n<\/td>\n<td width=\"45\" data-mce-fragment=\"1\">\n<p data-mce-fragment=\"1\">1995<\/p>\n<\/td>\n<td width=\"126\" data-mce-fragment=\"1\">\n<p data-mce-fragment=\"1\">Regia, telecamera, montaggio, produzione<\/p>\n<\/td>\n<td width=\"125\" data-mce-fragment=\"1\">\n<p data-mce-fragment=\"1\">Francia, Alto Adige<\/p>\n<\/td>\n<td width=\"54\" data-mce-fragment=\"1\">\n<p data-mce-fragment=\"1\">45 minuti<\/p>\n<\/td>\n<\/tr>\n<tr data-mce-fragment=\"1\">\n<td width=\"172\" data-mce-fragment=\"1\">\n<p data-mce-fragment=\"1\">Pellicola pubblicitaria<strong data-mce-fragment=\"1\"><span data-mce-fragment=\"1\">&nbsp;<\/span>\u201cCemento della Rienza\u201d<br data-mce-fragment=\"1\"><\/strong><\/p>\n<\/td>\n<td width=\"113\" data-mce-fragment=\"1\">\n<p data-mce-fragment=\"1\">Cemento Rienza<\/p>\n<\/td>\n<td width=\"45\" data-mce-fragment=\"1\">\n<p data-mce-fragment=\"1\">1995<\/p>\n<\/td>\n<td width=\"126\" data-mce-fragment=\"1\">\n<p data-mce-fragment=\"1\">Regia, telecamera, montaggio, produzione<\/p>\n<\/td>\n<td width=\"125\" data-mce-fragment=\"1\">\n<p data-mce-fragment=\"1\">Alto Adige<\/p>\n<\/td>\n<td width=\"54\" data-mce-fragment=\"1\">\n<p data-mce-fragment=\"1\">25 minuti<\/p>\n<\/td>\n<\/tr>\n<tr data-mce-fragment=\"1\">\n<td width=\"172\" data-mce-fragment=\"1\">\n<p data-mce-fragment=\"1\"><strong data-mce-fragment=\"1\">\u201cSoccorso alpino Alta Pusteria\u201d<\/strong><\/p>\n<\/td>\n<td width=\"113\" data-mce-fragment=\"1\">\n<p data-mce-fragment=\"1\">RAI Bolzano, Soccorso alpino Alta Pusteria<\/p>\n<\/td>\n<td width=\"45\" data-mce-fragment=\"1\">\n<p data-mce-fragment=\"1\">1995<\/p>\n<\/td>\n<td width=\"126\" data-mce-fragment=\"1\">\n<p data-mce-fragment=\"1\">Regia, telecamera, montaggio, produzione<\/p>\n<\/td>\n<td width=\"125\" data-mce-fragment=\"1\">\n<p data-mce-fragment=\"1\">Alto Adige<\/p>\n<\/td>\n<td width=\"54\" data-mce-fragment=\"1\">\n<p data-mce-fragment=\"1\">30 minuti<\/p>\n<\/td>\n<\/tr>\n<tr data-mce-fragment=\"1\">\n<td width=\"172\" data-mce-fragment=\"1\">\n<p data-mce-fragment=\"1\">Pellicola pubblicitaria<strong data-mce-fragment=\"1\"><span data-mce-fragment=\"1\">&nbsp;<\/span>\u201cNaz-Sciaves\u201d<br data-mce-fragment=\"1\"><\/strong><\/p>\n<\/td>\n<td width=\"113\" data-mce-fragment=\"1\">\n<p data-mce-fragment=\"1\">Associazione turistica Naz Sciaves<\/p>\n<\/td>\n<td width=\"45\" data-mce-fragment=\"1\">\n<p data-mce-fragment=\"1\">1995<\/p>\n<\/td>\n<td width=\"126\" data-mce-fragment=\"1\">\n<p data-mce-fragment=\"1\">Regia, telecamera, montaggio, produzione<\/p>\n<\/td>\n<td width=\"125\" data-mce-fragment=\"1\">\n<p data-mce-fragment=\"1\">Alto Adige<\/p>\n<\/td>\n<td width=\"54\" data-mce-fragment=\"1\">\n<p data-mce-fragment=\"1\">25 minuti<\/p>\n<\/td>\n<\/tr>\n<tr data-mce-fragment=\"1\">\n<td width=\"172\" data-mce-fragment=\"1\">\n<p data-mce-fragment=\"1\"><strong data-mce-fragment=\"1\">Campionati mondiali militari di biathlon di Ruhpolding<br data-mce-fragment=\"1\"><\/strong><\/p>\n<\/td>\n<td width=\"113\" data-mce-fragment=\"1\">\n<p data-mce-fragment=\"1\">Ruhpolding, ZDF, ARD, ORF<\/p>\n<\/td>\n<td width=\"45\" data-mce-fragment=\"1\">\n<p data-mce-fragment=\"1\">1996<\/p>\n<\/td>\n<td width=\"126\" data-mce-fragment=\"1\">\n<p data-mce-fragment=\"1\">Regia, telecamera, montaggio, produzione<\/p>\n<\/td>\n<td width=\"125\" data-mce-fragment=\"1\">\n<p data-mce-fragment=\"1\">Ruhpoldin Germania<\/p>\n<\/td>\n<td width=\"54\" data-mce-fragment=\"1\">\n<p data-mce-fragment=\"1\">60 minuti<\/p>\n<\/td>\n<\/tr>\n<tr data-mce-fragment=\"1\">\n<td width=\"172\" data-mce-fragment=\"1\">\n<p data-mce-fragment=\"1\">Pellicola pubblicitaria<strong data-mce-fragment=\"1\"><span data-mce-fragment=\"1\">&nbsp;<\/span>\u201cLaboratorio Pescoll\u201d<\/strong><\/p>\n<\/td>\n<td width=\"113\" data-mce-fragment=\"1\">\n<p data-mce-fragment=\"1\">RAI Bolzano, Pescoller<\/p>\n<\/td>\n<td width=\"45\" data-mce-fragment=\"1\">\n<p data-mce-fragment=\"1\">1996<\/p>\n<\/td>\n<td width=\"126\" data-mce-fragment=\"1\">\n<p data-mce-fragment=\"1\">Regia, telecamera, montaggio, produzione<\/p>\n<\/td>\n<td width=\"125\" data-mce-fragment=\"1\">\n<p data-mce-fragment=\"1\">Alto Adige<\/p>\n<\/td>\n<td width=\"54\" data-mce-fragment=\"1\">\n<p data-mce-fragment=\"1\">20 minuti<\/p>\n<\/td>\n<\/tr>\n<tr data-mce-fragment=\"1\">\n<td width=\"172\" data-mce-fragment=\"1\">\n<p data-mce-fragment=\"1\"><strong data-mce-fragment=\"1\">10x \u201cViaggio in Italia\u201d<br data-mce-fragment=\"1\"><\/strong><\/p>\n<\/td>\n<td width=\"113\" data-mce-fragment=\"1\">\n<p data-mce-fragment=\"1\">RAI UNO<\/p>\n<\/td>\n<td width=\"45\" data-mce-fragment=\"1\">\n<p data-mce-fragment=\"1\">1996<\/p>\n<\/td>\n<td width=\"126\" data-mce-fragment=\"1\">\n<p data-mce-fragment=\"1\">Regia, telecamera, montaggio, produzione<\/p>\n<\/td>\n<td width=\"125\" data-mce-fragment=\"1\">\n<p data-mce-fragment=\"1\">Alto Adige<\/p>\n<\/td>\n<td width=\"54\" data-mce-fragment=\"1\">\n<p data-mce-fragment=\"1\">10 minuti ciascuno<\/p>\n<\/td>\n<\/tr>\n<tr data-mce-fragment=\"1\">\n<td width=\"172\" data-mce-fragment=\"1\">\n<p data-mce-fragment=\"1\"><strong data-mce-fragment=\"1\">\u201cMinerali testimoni contemporanei della storia della terra\u201d<br data-mce-fragment=\"1\"><\/strong><\/p>\n<\/td>\n<td width=\"113\" data-mce-fragment=\"1\">\n<p data-mce-fragment=\"1\">RAI Bolzano, ORF<\/p>\n<\/td>\n<td width=\"45\" data-mce-fragment=\"1\">\n<p data-mce-fragment=\"1\">1996<\/p>\n<\/td>\n<td width=\"126\" data-mce-fragment=\"1\">\n<p data-mce-fragment=\"1\">Regia, telecamera, montaggio, produzione<\/p>\n<\/td>\n<td width=\"125\" data-mce-fragment=\"1\">\n<p data-mce-fragment=\"1\">Tirolo del Nord, Alto Adige<\/p>\n<\/td>\n<td width=\"54\" data-mce-fragment=\"1\">\n<p data-mce-fragment=\"1\">45 minuti<\/p>\n<\/td>\n<\/tr>\n<tr data-mce-fragment=\"1\">\n<td width=\"172\" data-mce-fragment=\"1\">\n<p data-mce-fragment=\"1\"><strong data-mce-fragment=\"1\">\u201cWC per snowboard Valdaora\u201d<br data-mce-fragment=\"1\"><\/strong><\/p>\n<\/td>\n<td width=\"113\" data-mce-fragment=\"1\">\n<p data-mce-fragment=\"1\">Eurosport, ORF, ARD, ZDF, MDR<\/p>\n<\/td>\n<td width=\"45\" data-mce-fragment=\"1\">\n<p data-mce-fragment=\"1\">1996<\/p>\n<\/td>\n<td width=\"126\" data-mce-fragment=\"1\">\n<p data-mce-fragment=\"1\">telecamera<\/p>\n<\/td>\n<td width=\"125\" data-mce-fragment=\"1\">\n<p data-mce-fragment=\"1\">Alto Adige<\/p>\n<\/td>\n<td width=\"54\" data-mce-fragment=\"1\">\n<p data-mce-fragment=\"1\">60 minuti<\/p>\n<\/td>\n<\/tr>\n<tr data-mce-fragment=\"1\">\n<td width=\"172\" data-mce-fragment=\"1\">\n<p data-mce-fragment=\"1\"><strong data-mce-fragment=\"1\">Campionati del mondo di snowboard San Candido<br data-mce-fragment=\"1\"><\/strong><\/p>\n<\/td>\n<td width=\"113\" data-mce-fragment=\"1\">\n<p data-mce-fragment=\"1\">RAI Bolzano, RAI UNO, ORF, ARD, ZDF, MDR<\/p>\n<\/td>\n<td width=\"45\" data-mce-fragment=\"1\">\n<p data-mce-fragment=\"1\">1997<\/p>\n<\/td>\n<td width=\"126\" data-mce-fragment=\"1\">\n<p data-mce-fragment=\"1\">Regia, telecamera, montaggio, produzione<\/p>\n<\/td>\n<td width=\"125\" data-mce-fragment=\"1\">\n<p data-mce-fragment=\"1\">Alto Adige<\/p>\n<\/td>\n<td width=\"54\" data-mce-fragment=\"1\">\n<p data-mce-fragment=\"1\">60 minuti<\/p>\n<\/td>\n<\/tr>\n<tr data-mce-fragment=\"1\">\n<td width=\"172\" data-mce-fragment=\"1\">\n<p data-mce-fragment=\"1\">Pellicola pubblicitaria<span data-mce-fragment=\"1\">&nbsp;<\/span><strong data-mce-fragment=\"1\">\u201cHobag\u201d<\/strong><\/p>\n<\/td>\n<td width=\"113\" data-mce-fragment=\"1\">\n<p data-mce-fragment=\"1\">Hobag<\/p>\n<\/td>\n<td width=\"45\" data-mce-fragment=\"1\">\n<p data-mce-fragment=\"1\">1997<\/p>\n<\/td>\n<td width=\"126\" data-mce-fragment=\"1\">\n<p data-mce-fragment=\"1\">Regia, telecamera, montaggio, produzione<\/p>\n<\/td>\n<td width=\"125\" data-mce-fragment=\"1\">\n<p data-mce-fragment=\"1\">Alto Adige<\/p>\n<\/td>\n<td width=\"54\" data-mce-fragment=\"1\">\n<p data-mce-fragment=\"1\">10 minuti<\/p>\n<\/td>\n<\/tr>\n<tr data-mce-fragment=\"1\">\n<td width=\"172\" data-mce-fragment=\"1\">\n<p data-mce-fragment=\"1\"><strong data-mce-fragment=\"1\">\u201cLa memoria a Sillian\u201d<br data-mce-fragment=\"1\"><\/strong><\/p>\n<\/td>\n<td width=\"113\" data-mce-fragment=\"1\">\n<p data-mce-fragment=\"1\">Azienda energetica Campo Tures<\/p>\n<\/td>\n<td width=\"45\" data-mce-fragment=\"1\">\n<p data-mce-fragment=\"1\">1997<\/p>\n<\/td>\n<td width=\"126\" data-mce-fragment=\"1\">\n<p data-mce-fragment=\"1\">Regia, telecamera, montaggio, produzione<\/p>\n<\/td>\n<td width=\"125\" data-mce-fragment=\"1\">\n<p data-mce-fragment=\"1\">Tirolo Orientale<\/p>\n<\/td>\n<td width=\"54\" data-mce-fragment=\"1\">\n<p data-mce-fragment=\"1\">15 minuti<\/p>\n<\/td>\n<\/tr>\n<tr data-mce-fragment=\"1\">\n<td width=\"172\" data-mce-fragment=\"1\">\n<p data-mce-fragment=\"1\"><strong data-mce-fragment=\"1\">\u201cDolomiti \u2013 diventare paesaggio\u201d<br data-mce-fragment=\"1\"><\/strong><\/p>\n<\/td>\n<td width=\"113\" data-mce-fragment=\"1\">\n<p data-mce-fragment=\"1\">RAI Bolzano, RAI TRE, 3SAT, ZDF, ARD<\/p>\n<\/td>\n<td width=\"45\" data-mce-fragment=\"1\">\n<p data-mce-fragment=\"1\">1998<\/p>\n<\/td>\n<td width=\"126\" data-mce-fragment=\"1\">\n<p data-mce-fragment=\"1\">Regia, telecamera, montaggio, produzione<\/p>\n<\/td>\n<td width=\"125\" data-mce-fragment=\"1\">\n<p data-mce-fragment=\"1\">Egitto, Bahamas, Italia, Tirolo del Nord, Alto Adige<\/p>\n<\/td>\n<td width=\"54\" data-mce-fragment=\"1\">\n<p data-mce-fragment=\"1\">50 minuti<\/p>\n<\/td>\n<\/tr>\n<tr data-mce-fragment=\"1\">\n<td width=\"172\" data-mce-fragment=\"1\">\n<p data-mce-fragment=\"1\"><strong data-mce-fragment=\"1\">\u201c100 anni di Moessmer Brunico\u201d<br data-mce-fragment=\"1\"><\/strong><\/p>\n<\/td>\n<td width=\"113\" data-mce-fragment=\"1\">\n<p data-mce-fragment=\"1\">Moessmer<\/p>\n<\/td>\n<td width=\"45\" data-mce-fragment=\"1\">\n<p data-mce-fragment=\"1\">1998<\/p>\n<\/td>\n<td width=\"126\" data-mce-fragment=\"1\">\n<p data-mce-fragment=\"1\">Regia, telecamera, montaggio, produzione<\/p>\n<\/td>\n<td width=\"125\" data-mce-fragment=\"1\">\n<p data-mce-fragment=\"1\">Alto Adige<\/p>\n<\/td>\n<td width=\"54\" data-mce-fragment=\"1\">\n<p data-mce-fragment=\"1\">50 minuti<\/p>\n<\/td>\n<\/tr>\n<tr data-mce-fragment=\"1\">\n<td width=\"172\" data-mce-fragment=\"1\">\n<p data-mce-fragment=\"1\">Pellicola pubblicitaria<strong data-mce-fragment=\"1\"><span data-mce-fragment=\"1\">&nbsp;<\/span>\u201cTartaruga Pircher\u201d<br data-mce-fragment=\"1\"><\/strong><\/p>\n<\/td>\n<td width=\"113\" data-mce-fragment=\"1\">\n<p data-mce-fragment=\"1\">Pircher<\/p>\n<\/td>\n<td width=\"45\" data-mce-fragment=\"1\">\n<p data-mce-fragment=\"1\">1998<\/p>\n<\/td>\n<td width=\"126\" data-mce-fragment=\"1\">\n<p data-mce-fragment=\"1\">Regia, telecamera, montaggio, produzione<\/p>\n<\/td>\n<td width=\"125\" data-mce-fragment=\"1\">\n<p data-mce-fragment=\"1\">Alto Adige<\/p>\n<\/td>\n<td width=\"54\" data-mce-fragment=\"1\">\n<p data-mce-fragment=\"1\">10 minuti<\/p>\n<\/td>\n<\/tr>\n<tr data-mce-fragment=\"1\">\n<td width=\"172\" data-mce-fragment=\"1\">\n<p data-mce-fragment=\"1\">Video musicale<span data-mce-fragment=\"1\">&nbsp;<\/span><strong data-mce-fragment=\"1\">George McAnthony<br data-mce-fragment=\"1\"><\/strong><\/p>\n<\/td>\n<td width=\"113\" data-mce-fragment=\"1\">\n<p data-mce-fragment=\"1\">George McAnthony<\/p>\n<\/td>\n<td width=\"45\" data-mce-fragment=\"1\">\n<p data-mce-fragment=\"1\">1999<\/p>\n<\/td>\n<td width=\"126\" data-mce-fragment=\"1\">\n<p data-mce-fragment=\"1\">Regia, telecamera, montaggio, produzione<\/p>\n<\/td>\n<td width=\"125\" data-mce-fragment=\"1\">\n<p data-mce-fragment=\"1\">Stati Uniti, Alto Adige<\/p>\n<\/td>\n<td width=\"54\" data-mce-fragment=\"1\">\n<p data-mce-fragment=\"1\">25 minuti<\/p>\n<\/td>\n<\/tr>\n<tr data-mce-fragment=\"1\">\n<td width=\"172\" data-mce-fragment=\"1\">\n<p data-mce-fragment=\"1\">Video musicale<strong data-mce-fragment=\"1\"><span data-mce-fragment=\"1\">&nbsp;<\/span>\u201cRieserferner Buam\u201d<br data-mce-fragment=\"1\"><\/strong><\/p>\n<\/td>\n<td width=\"113\" data-mce-fragment=\"1\">\n<p data-mce-fragment=\"1\">Vedrette di Ries Buam<\/p>\n<\/td>\n<td width=\"45\" data-mce-fragment=\"1\">\n<p data-mce-fragment=\"1\">1999<\/p>\n<\/td>\n<td width=\"126\" data-mce-fragment=\"1\">\n<p data-mce-fragment=\"1\">Regia, telecamera, montaggio, produzione<\/p>\n<\/td>\n<td width=\"125\" data-mce-fragment=\"1\">\n<p data-mce-fragment=\"1\">Alto Adige<\/p>\n<\/td>\n<td width=\"54\" data-mce-fragment=\"1\">\n<p data-mce-fragment=\"1\">35 minuti<\/p>\n<\/td>\n<\/tr>\n<tr data-mce-fragment=\"1\">\n<td width=\"172\" data-mce-fragment=\"1\">\n<p data-mce-fragment=\"1\"><strong data-mce-fragment=\"1\">\u201cL&#8217;era glaciale \u2013 Testimoni dell&#8217;era glaciale\u201d<br data-mce-fragment=\"1\"><\/strong><\/p>\n<\/td>\n<td width=\"113\" data-mce-fragment=\"1\">\n<p data-mce-fragment=\"1\">RAI Bolzano, RAI TRE<\/p>\n<\/td>\n<td width=\"45\" data-mce-fragment=\"1\">\n<p data-mce-fragment=\"1\">1999<\/p>\n<\/td>\n<td width=\"126\" data-mce-fragment=\"1\">\n<p data-mce-fragment=\"1\">Regia, telecamera, montaggio, produzione<\/p>\n<\/td>\n<td width=\"125\" data-mce-fragment=\"1\">\n<p data-mce-fragment=\"1\">Nord Italia, Alto Adige<\/p>\n<\/td>\n<td width=\"54\" data-mce-fragment=\"1\">\n<p data-mce-fragment=\"1\">45 minuti<\/p>\n<\/td>\n<\/tr>\n<tr data-mce-fragment=\"1\">\n<td width=\"172\" data-mce-fragment=\"1\">\n<p data-mce-fragment=\"1\"><strong data-mce-fragment=\"1\">Film sullo sci \u201cLe Montagne Bianche\u201d.<br data-mce-fragment=\"1\"><\/strong><\/p>\n<\/td>\n<td width=\"113\" data-mce-fragment=\"1\">\n<p data-mce-fragment=\"1\">RAI Bolzano, RAI UNO, ORF<\/p>\n<\/td>\n<td width=\"45\" data-mce-fragment=\"1\">\n<p data-mce-fragment=\"1\">1999<\/p>\n<\/td>\n<td width=\"126\" data-mce-fragment=\"1\">\n<p data-mce-fragment=\"1\">Regia, telecamera, montaggio, produzione<\/p>\n<\/td>\n<td width=\"125\" data-mce-fragment=\"1\">\n<p data-mce-fragment=\"1\">Alto Adige<\/p>\n<\/td>\n<td width=\"54\" data-mce-fragment=\"1\">\n<p data-mce-fragment=\"1\">50 minuti<\/p>\n<\/td>\n<\/tr>\n<tr data-mce-fragment=\"1\">\n<td width=\"172\" data-mce-fragment=\"1\">\n<p data-mce-fragment=\"1\"><strong data-mce-fragment=\"1\">Campionato mondiale di slittino Valdaora<br data-mce-fragment=\"1\"><\/strong><\/p>\n<\/td>\n<td width=\"113\" data-mce-fragment=\"1\">\n<p data-mce-fragment=\"1\">RAI, ARD, ZDF, MDR, ORF<\/p>\n<\/td>\n<td width=\"45\" data-mce-fragment=\"1\">\n<p data-mce-fragment=\"1\">2000<\/p>\n<\/td>\n<td width=\"126\" data-mce-fragment=\"1\">\n<p data-mce-fragment=\"1\">telecamera<\/p>\n<\/td>\n<td width=\"125\" data-mce-fragment=\"1\">\n<p data-mce-fragment=\"1\">Alto Adige<\/p>\n<\/td>\n<td width=\"54\" data-mce-fragment=\"1\">\n<p data-mce-fragment=\"1\">60 minuti<\/p>\n<\/td>\n<\/tr>\n<tr data-mce-fragment=\"1\">\n<td width=\"172\" data-mce-fragment=\"1\">\n<p data-mce-fragment=\"1\"><strong data-mce-fragment=\"1\">\u201cGustav Mahler \u2013 Sinfonia della vita\u201d<br data-mce-fragment=\"1\"><\/strong><\/p>\n<\/td>\n<td width=\"113\" data-mce-fragment=\"1\">\n<p data-mce-fragment=\"1\">RAI Bolzano, TV Dobbiaco<\/p>\n<\/td>\n<td width=\"45\" data-mce-fragment=\"1\">\n<p data-mce-fragment=\"1\">2000<\/p>\n<\/td>\n<td width=\"126\" data-mce-fragment=\"1\">\n<p data-mce-fragment=\"1\">Regia, telecamera, montaggio, produzione<\/p>\n<\/td>\n<td width=\"125\" data-mce-fragment=\"1\">\n<p data-mce-fragment=\"1\">Vienna, Alto Adige, Carinzia<\/p>\n<\/td>\n<td width=\"54\" data-mce-fragment=\"1\">\n<p data-mce-fragment=\"1\">45 minuti<\/p>\n<\/td>\n<\/tr>\n<tr data-mce-fragment=\"1\">\n<td width=\"172\" data-mce-fragment=\"1\">\n<p data-mce-fragment=\"1\">Pellicola pubblicitaria<span data-mce-fragment=\"1\">&nbsp;<\/span><strong data-mce-fragment=\"1\">\u201cLa natura di Villgrater\u201d<\/strong><\/p>\n<\/td>\n<td width=\"113\" data-mce-fragment=\"1\">\n<p data-mce-fragment=\"1\">Giuseppe Schett<\/p>\n<\/td>\n<td width=\"45\" data-mce-fragment=\"1\">\n<p data-mce-fragment=\"1\">2000<\/p>\n<\/td>\n<td width=\"126\" data-mce-fragment=\"1\">\n<p data-mce-fragment=\"1\">Regia, telecamera, montaggio, produzione<\/p>\n<\/td>\n<td width=\"125\" data-mce-fragment=\"1\">\n<p data-mce-fragment=\"1\">Tirolo Orientale<\/p>\n<\/td>\n<td width=\"54\" data-mce-fragment=\"1\">\n<p data-mce-fragment=\"1\">10 minuti<\/p>\n<\/td>\n<\/tr>\n<tr data-mce-fragment=\"1\">\n<td width=\"172\" data-mce-fragment=\"1\">\n<p data-mce-fragment=\"1\"><strong data-mce-fragment=\"1\">Concerto domenicale ZDF<br data-mce-fragment=\"1\"><\/strong><\/p>\n<\/td>\n<td width=\"113\" data-mce-fragment=\"1\">\n<p data-mce-fragment=\"1\">ZDF<\/p>\n<\/td>\n<td width=\"45\" data-mce-fragment=\"1\">\n<p data-mce-fragment=\"1\">2000<\/p>\n<\/td>\n<td width=\"126\" data-mce-fragment=\"1\">\n<p data-mce-fragment=\"1\">telecamera<\/p>\n<\/td>\n<td width=\"125\" data-mce-fragment=\"1\">\n<p data-mce-fragment=\"1\">Alto Adige<\/p>\n<\/td>\n<td width=\"54\" data-mce-fragment=\"1\">\n<p data-mce-fragment=\"1\">60 minuti<\/p>\n<\/td>\n<\/tr>\n<tr data-mce-fragment=\"1\">\n<td width=\"172\" data-mce-fragment=\"1\">\n<p data-mce-fragment=\"1\"><strong data-mce-fragment=\"1\">\u201cLe miniere dell\u2019Alto Adige\u201d<br data-mce-fragment=\"1\"><\/strong><\/p>\n<\/td>\n<td width=\"113\" data-mce-fragment=\"1\">\n<p data-mce-fragment=\"1\">RAI Bolzano, ORF, ARD<\/p>\n<\/td>\n<td width=\"45\" data-mce-fragment=\"1\">\n<p data-mce-fragment=\"1\">2000<\/p>\n<\/td>\n<td width=\"126\" data-mce-fragment=\"1\">\n<p data-mce-fragment=\"1\">Regia, telecamera, montaggio, produzione<\/p>\n<\/td>\n<td width=\"125\" data-mce-fragment=\"1\">\n<p data-mce-fragment=\"1\">Tirolo del Nord, Alto Adige<\/p>\n<\/td>\n<td width=\"54\" data-mce-fragment=\"1\">\n<p data-mce-fragment=\"1\">45 minuti<\/p>\n<\/td>\n<\/tr>\n<tr data-mce-fragment=\"1\">\n<td width=\"172\" data-mce-fragment=\"1\">\n<p data-mce-fragment=\"1\"><strong data-mce-fragment=\"1\">&#8220;Nell&#8217;abisso&#8221;<br data-mce-fragment=\"1\"><\/strong><\/p>\n<\/td>\n<td width=\"113\" data-mce-fragment=\"1\">\n<p data-mce-fragment=\"1\">RAI Bolzano, 3sab<\/p>\n<\/td>\n<td width=\"45\" data-mce-fragment=\"1\">\n<p data-mce-fragment=\"1\">2001<\/p>\n<\/td>\n<td width=\"126\" data-mce-fragment=\"1\">\n<p data-mce-fragment=\"1\">Regia, telecamera, montaggio, produzione<\/p>\n<\/td>\n<td width=\"125\" data-mce-fragment=\"1\">\n<p data-mce-fragment=\"1\">Alto Adige<\/p>\n<\/td>\n<td width=\"54\" data-mce-fragment=\"1\">\n<p data-mce-fragment=\"1\">30 minuti<\/p>\n<\/td>\n<\/tr>\n<tr data-mce-fragment=\"1\">\n<td width=\"172\" data-mce-fragment=\"1\">\n<p data-mce-fragment=\"1\"><strong data-mce-fragment=\"1\">\u201cReimmichl \u2013 Una figura tirolese e il suo tempo\u201d<\/strong><\/p>\n<\/td>\n<td width=\"113\" data-mce-fragment=\"1\">\n<p data-mce-fragment=\"1\">RAI Bolzano, Tirolo, 3 sab<\/p>\n<\/td>\n<td width=\"45\" data-mce-fragment=\"1\">\n<p data-mce-fragment=\"1\">2001<\/p>\n<\/td>\n<td width=\"126\" data-mce-fragment=\"1\">\n<p data-mce-fragment=\"1\">Regia, telecamera, montaggio, produzione<\/p>\n<\/td>\n<td width=\"125\" data-mce-fragment=\"1\">\n<p data-mce-fragment=\"1\">Tirolo Orientale, Alto Adige<\/p>\n<\/td>\n<td width=\"54\" data-mce-fragment=\"1\">\n<p data-mce-fragment=\"1\">30 minuti<\/p>\n<\/td>\n<\/tr>\n<tr data-mce-fragment=\"1\">\n<td width=\"172\" data-mce-fragment=\"1\">\n<p data-mce-fragment=\"1\"><strong data-mce-fragment=\"1\">\u201cLa storia ladina\u201d<br data-mce-fragment=\"1\"><\/strong><\/p>\n<\/td>\n<td width=\"113\" data-mce-fragment=\"1\">\n<p data-mce-fragment=\"1\">RAI Bolzano, RAI Ladino, 3 sab<\/p>\n<\/td>\n<td width=\"45\" data-mce-fragment=\"1\">\n<p data-mce-fragment=\"1\">2001<\/p>\n<\/td>\n<td width=\"126\" data-mce-fragment=\"1\">\n<p data-mce-fragment=\"1\">Regia, telecamera, montaggio, produzione<\/p>\n<\/td>\n<td width=\"125\" data-mce-fragment=\"1\">\n<p data-mce-fragment=\"1\">Val Badia, Val Gardena, Alto Adige<\/p>\n<\/td>\n<td width=\"54\" data-mce-fragment=\"1\">\n<p data-mce-fragment=\"1\">58 minuti<\/p>\n<\/td>\n<\/tr>\n<tr data-mce-fragment=\"1\">\n<td width=\"172\" data-mce-fragment=\"1\">\n<p data-mce-fragment=\"1\"><strong data-mce-fragment=\"1\">\u201cKatharina Lanz\u201d<br data-mce-fragment=\"1\"><\/strong><\/p>\n<\/td>\n<td width=\"113\" data-mce-fragment=\"1\">\n<p data-mce-fragment=\"1\">RAIBolzano<\/p>\n<\/td>\n<td width=\"45\" data-mce-fragment=\"1\">\n<p data-mce-fragment=\"1\">2001<\/p>\n<\/td>\n<td width=\"126\" data-mce-fragment=\"1\">\n<p data-mce-fragment=\"1\">Regia, telecamera, montaggio, produzione<\/p>\n<\/td>\n<td width=\"125\" data-mce-fragment=\"1\">\n<p data-mce-fragment=\"1\">Alto Adige<\/p>\n<\/td>\n<td width=\"54\" data-mce-fragment=\"1\">\n<p data-mce-fragment=\"1\">15 minuti<\/p>\n<\/td>\n<\/tr>\n<tr data-mce-fragment=\"1\">\n<td width=\"172\" data-mce-fragment=\"1\">\n<p data-mce-fragment=\"1\">Coppa internazionale sprint di sci di fondo Brunico<\/p>\n<\/td>\n<td width=\"113\" data-mce-fragment=\"1\">\n<p data-mce-fragment=\"1\">RAI SAT, RAI Sport, RAI TRE<\/p>\n<\/td>\n<td width=\"45\" data-mce-fragment=\"1\">\n<p data-mce-fragment=\"1\">2001<\/p>\n<\/td>\n<td width=\"126\" data-mce-fragment=\"1\">\n<p data-mce-fragment=\"1\">Regia, telecamera, montaggio, produzione<\/p>\n<\/td>\n<td width=\"125\" data-mce-fragment=\"1\">\n<p data-mce-fragment=\"1\">Alto Adige<\/p>\n<\/td>\n<td width=\"54\" data-mce-fragment=\"1\">\n<p data-mce-fragment=\"1\">60 minuti<\/p>\n<\/td>\n<\/tr>\n<tr data-mce-fragment=\"1\">\n<td width=\"172\" data-mce-fragment=\"1\">\n<p data-mce-fragment=\"1\"><strong data-mce-fragment=\"1\">5x Linea Verde<br data-mce-fragment=\"1\"><\/strong><\/p>\n<\/td>\n<td width=\"113\" data-mce-fragment=\"1\">\n<p data-mce-fragment=\"1\">RAI UNO<\/p>\n<\/td>\n<td width=\"45\" data-mce-fragment=\"1\">\n<p data-mce-fragment=\"1\">1999-2002<\/p>\n<\/td>\n<td width=\"126\" data-mce-fragment=\"1\">\n<p data-mce-fragment=\"1\">telecamera<\/p>\n<\/td>\n<td width=\"125\" data-mce-fragment=\"1\">\n<p data-mce-fragment=\"1\">Alto Adige<\/p>\n<\/td>\n<td width=\"54\" data-mce-fragment=\"1\">\n<p data-mce-fragment=\"1\">20 minuti ciascuno<\/p>\n<\/td>\n<\/tr>\n<tr data-mce-fragment=\"1\">\n<td width=\"172\" data-mce-fragment=\"1\">\n<p data-mce-fragment=\"1\">Pellicola pubblicitaria<span data-mce-fragment=\"1\">&nbsp;<\/span><strong data-mce-fragment=\"1\">Lodenwelt-Oberrauch<\/strong><\/p>\n<\/td>\n<td width=\"113\" data-mce-fragment=\"1\">\n<p data-mce-fragment=\"1\">Oberrauch Bolzano<\/p>\n<\/td>\n<td width=\"45\" data-mce-fragment=\"1\">\n<p data-mce-fragment=\"1\">2002<\/p>\n<\/td>\n<td width=\"126\" data-mce-fragment=\"1\">\n<p data-mce-fragment=\"1\">Regia, telecamera, montaggio, produzione<\/p>\n<\/td>\n<td width=\"125\" data-mce-fragment=\"1\">\n<p data-mce-fragment=\"1\">Alto Adige<\/p>\n<\/td>\n<td width=\"54\" data-mce-fragment=\"1\">\n<p data-mce-fragment=\"1\">10 minuti<\/p>\n<\/td>\n<\/tr>\n<tr data-mce-fragment=\"1\">\n<td width=\"172\" data-mce-fragment=\"1\">\n<p data-mce-fragment=\"1\">Pellicola pubblicitaria<span data-mce-fragment=\"1\">&nbsp;<\/span><strong data-mce-fragment=\"1\">\u201cValle Isarco<\/strong> \u201d<\/p>\n<\/td>\n<td width=\"113\" data-mce-fragment=\"1\">\n<p data-mce-fragment=\"1\">RAI Bolzano, TV Valle Isarco<\/p>\n<\/td>\n<td width=\"45\" data-mce-fragment=\"1\">\n<p data-mce-fragment=\"1\">2002<\/p>\n<\/td>\n<td width=\"126\" data-mce-fragment=\"1\">\n<p data-mce-fragment=\"1\">Regia, telecamera, montaggio, produzione<\/p>\n<\/td>\n<td width=\"125\" data-mce-fragment=\"1\">\n<p data-mce-fragment=\"1\">Alto Adige<\/p>\n<\/td>\n<td width=\"54\" data-mce-fragment=\"1\">\n<p data-mce-fragment=\"1\">30 minuti<\/p>\n<\/td>\n<\/tr>\n<tr data-mce-fragment=\"1\">\n<td width=\"172\" data-mce-fragment=\"1\">\n<p data-mce-fragment=\"1\">Pellicola pubblicitaria<span data-mce-fragment=\"1\">&nbsp;<\/span><strong data-mce-fragment=\"1\">\u201cValle Aurina\u201d<\/strong><\/p>\n<\/td>\n<td width=\"113\" data-mce-fragment=\"1\">\n<p data-mce-fragment=\"1\">Associazione Turistica Valle Aurina<\/p>\n<\/td>\n<td width=\"45\" data-mce-fragment=\"1\">\n<p data-mce-fragment=\"1\">2002<\/p>\n<\/td>\n<td width=\"126\" data-mce-fragment=\"1\">\n<p data-mce-fragment=\"1\">Regia, telecamera, montaggio, produzione<\/p>\n<\/td>\n<td width=\"125\" data-mce-fragment=\"1\">\n<p data-mce-fragment=\"1\">Alto Adige<\/p>\n<\/td>\n<td width=\"54\" data-mce-fragment=\"1\">\n<p data-mce-fragment=\"1\">30 minuti<\/p>\n<\/td>\n<\/tr>\n<tr data-mce-fragment=\"1\">\n<td width=\"172\" data-mce-fragment=\"1\">\n<p data-mce-fragment=\"1\"><strong data-mce-fragment=\"1\">\u201cTempo Cucina Alpi\u201d<\/strong><br data-mce-fragment=\"1\"> Universo ORF<\/p>\n<\/td>\n<td width=\"113\" data-mce-fragment=\"1\">\n<p data-mce-fragment=\"1\">Universo ORF<\/p>\n<\/td>\n<td width=\"45\" data-mce-fragment=\"1\">\n<p data-mce-fragment=\"1\">2002<\/p>\n<\/td>\n<td width=\"126\" data-mce-fragment=\"1\">\n<p data-mce-fragment=\"1\">telecamera<\/p>\n<\/td>\n<td width=\"125\" data-mce-fragment=\"1\">\n<p data-mce-fragment=\"1\">Alto Adige<\/p>\n<\/td>\n<td width=\"54\" data-mce-fragment=\"1\">\n<p data-mce-fragment=\"1\">45 minuti<\/p>\n<\/td>\n<\/tr>\n<tr data-mce-fragment=\"1\">\n<td width=\"172\" data-mce-fragment=\"1\">\n<p data-mce-fragment=\"1\"><strong data-mce-fragment=\"1\">Biathlon Anterselva 10 anni<br data-mce-fragment=\"1\"><\/strong><\/p>\n<\/td>\n<td width=\"113\" data-mce-fragment=\"1\">\n<p data-mce-fragment=\"1\">RAI Bolzano, RAI, ZDF, ARD, MDR, ORF<\/p>\n<\/td>\n<td width=\"45\" data-mce-fragment=\"1\">\n<p data-mce-fragment=\"1\">1993 &#8211; 2003<\/p>\n<\/td>\n<td width=\"126\" data-mce-fragment=\"1\">\n<p data-mce-fragment=\"1\">Regia, telecamera, montaggio<\/p>\n<\/td>\n<td width=\"125\" data-mce-fragment=\"1\">\n<p data-mce-fragment=\"1\">Alto Adige<\/p>\n<\/td>\n<td width=\"54\" data-mce-fragment=\"1\">\n<p data-mce-fragment=\"1\">60 minuti<\/p>\n<\/td>\n<\/tr>\n<tr data-mce-fragment=\"1\">\n<td width=\"172\" data-mce-fragment=\"1\">\n<p data-mce-fragment=\"1\">Cinema San Candido<br data-mce-fragment=\"1\"> <strong data-mce-fragment=\"1\">\u201c700 anni di diritto del mercato di San Candido\u201d<\/strong><\/p>\n<\/td>\n<td width=\"113\" data-mce-fragment=\"1\">\n<p data-mce-fragment=\"1\">RAI Bolzano, comune di San Candido<\/p>\n<\/td>\n<td width=\"45\" data-mce-fragment=\"1\">\n<p data-mce-fragment=\"1\">2003<\/p>\n<\/td>\n<td width=\"126\" data-mce-fragment=\"1\">\n<p data-mce-fragment=\"1\">Regia, telecamera, montaggio, produzione<\/p>\n<\/td>\n<td width=\"125\" data-mce-fragment=\"1\">\n<p data-mce-fragment=\"1\">San Candido, Alto Adige<\/p>\n<\/td>\n<td width=\"54\" data-mce-fragment=\"1\">\n<p data-mce-fragment=\"1\">25 minuti<\/p>\n<\/td>\n<\/tr>\n<tr data-mce-fragment=\"1\">\n<td width=\"172\" data-mce-fragment=\"1\">\n<p data-mce-fragment=\"1\"><strong data-mce-fragment=\"1\">\u201c1000 anni di presente \u2013 usanze nelle Alpi\u201d<\/strong><\/p>\n<\/td>\n<td width=\"113\" data-mce-fragment=\"1\">\n<p data-mce-fragment=\"1\">RAIBolzano<\/p>\n<\/td>\n<td width=\"45\" data-mce-fragment=\"1\">\n<p data-mce-fragment=\"1\">2003<\/p>\n<\/td>\n<td width=\"126\" data-mce-fragment=\"1\">\n<p data-mce-fragment=\"1\">Regia, telecamera, montaggio, produzione<\/p>\n<\/td>\n<td width=\"125\" data-mce-fragment=\"1\">\n<p data-mce-fragment=\"1\">Alto Adige<\/p>\n<\/td>\n<td width=\"54\" data-mce-fragment=\"1\">\n<p data-mce-fragment=\"1\">58 minuti<\/p>\n<\/td>\n<\/tr>\n<tr data-mce-fragment=\"1\">\n<td width=\"172\" data-mce-fragment=\"1\">\n<p data-mce-fragment=\"1\"><strong data-mce-fragment=\"1\">\u201cMemorie \u2013 La vita in montagna\u201d<br data-mce-fragment=\"1\"><\/strong><\/p>\n<\/td>\n<td width=\"113\" data-mce-fragment=\"1\">\n<p data-mce-fragment=\"1\">RAIBolzano<\/p>\n<\/td>\n<td width=\"45\" data-mce-fragment=\"1\">\n<p data-mce-fragment=\"1\">2003<\/p>\n<\/td>\n<td width=\"126\" data-mce-fragment=\"1\">\n<p data-mce-fragment=\"1\">Regia, telecamera, montaggio, produzione<\/p>\n<\/td>\n<td width=\"125\" data-mce-fragment=\"1\">\n<p data-mce-fragment=\"1\">Alto Adige<\/p>\n<\/td>\n<td width=\"54\" data-mce-fragment=\"1\">\n<p data-mce-fragment=\"1\">30 minuti<\/p>\n<\/td>\n<\/tr>\n<tr data-mce-fragment=\"1\">\n<td width=\"172\" data-mce-fragment=\"1\">\n<p data-mce-fragment=\"1\"><strong data-mce-fragment=\"1\">&#8220;Sorgente di vita&#8221;<br data-mce-fragment=\"1\"><\/strong><\/p>\n<\/td>\n<td width=\"113\" data-mce-fragment=\"1\">\n<p data-mce-fragment=\"1\">RAI Bolzano, Alto Adige<\/p>\n<\/td>\n<td width=\"45\" data-mce-fragment=\"1\">\n<p data-mce-fragment=\"1\">2003<\/p>\n<\/td>\n<td width=\"126\" data-mce-fragment=\"1\">\n<p data-mce-fragment=\"1\">Regia, telecamera, montaggio, produzione<\/p>\n<\/td>\n<td width=\"125\" data-mce-fragment=\"1\">\n<p data-mce-fragment=\"1\">Alto Adige<\/p>\n<\/td>\n<td width=\"54\" data-mce-fragment=\"1\">\n<p data-mce-fragment=\"1\">30 minuti<\/p>\n<\/td>\n<\/tr>\n<tr data-mce-fragment=\"1\">\n<td width=\"172\" data-mce-fragment=\"1\">\n<p data-mce-fragment=\"1\"><strong data-mce-fragment=\"1\">\u201cMusica per ottoni di Egerland\u201d<br data-mce-fragment=\"1\"><\/strong><\/p>\n<\/td>\n<td width=\"113\" data-mce-fragment=\"1\">\n<p data-mce-fragment=\"1\">RAI Bolzano, Rainer Stiassny<\/p>\n<\/td>\n<td width=\"45\" data-mce-fragment=\"1\">\n<p data-mce-fragment=\"1\">2000-2003<\/p>\n<\/td>\n<td width=\"126\" data-mce-fragment=\"1\">\n<p data-mce-fragment=\"1\">Regia, telecamera, montaggio, produzione<\/p>\n<\/td>\n<td width=\"125\" data-mce-fragment=\"1\">\n<p data-mce-fragment=\"1\">Alto Adige<\/p>\n<\/td>\n<td width=\"54\" data-mce-fragment=\"1\">\n<p data-mce-fragment=\"1\">25 minuti<\/p>\n<\/td>\n<\/tr>\n<tr data-mce-fragment=\"1\">\n<td width=\"172\" data-mce-fragment=\"1\">\n<p data-mce-fragment=\"1\"><strong data-mce-fragment=\"1\">\u201cMuseo Ladino\u201d<br data-mce-fragment=\"1\"><\/strong><\/p>\n<\/td>\n<td width=\"113\" data-mce-fragment=\"1\">\n<p data-mce-fragment=\"1\">Museo Ladino, RAI Bolzano<\/p>\n<\/td>\n<td width=\"45\" data-mce-fragment=\"1\">\n<p data-mce-fragment=\"1\">2003<\/p>\n<\/td>\n<td width=\"126\" data-mce-fragment=\"1\">\n<p data-mce-fragment=\"1\">Fotocamera, editing<\/p>\n<\/td>\n<td width=\"125\" data-mce-fragment=\"1\">\n<p data-mce-fragment=\"1\">Alto Adige<\/p>\n<\/td>\n<td width=\"54\" data-mce-fragment=\"1\">\n<p data-mce-fragment=\"1\">20 minuti<\/p>\n<\/td>\n<\/tr>\n<tr data-mce-fragment=\"1\">\n<td width=\"172\" data-mce-fragment=\"1\">\n<p data-mce-fragment=\"1\"><strong data-mce-fragment=\"1\">\u201cCastel Trautmannsdorf\u201d<br data-mce-fragment=\"1\"><\/strong><\/p>\n<\/td>\n<td width=\"113\" data-mce-fragment=\"1\">\n<p data-mce-fragment=\"1\">Castel Trautmannsdorf<\/p>\n<\/td>\n<td width=\"45\" data-mce-fragment=\"1\">\n<p data-mce-fragment=\"1\">2003<\/p>\n<\/td>\n<td width=\"126\" data-mce-fragment=\"1\">\n<p data-mce-fragment=\"1\">Fotocamera, editing<\/p>\n<\/td>\n<td width=\"125\" data-mce-fragment=\"1\">\n<p data-mce-fragment=\"1\">Merano, Alto Adige<\/p>\n<\/td>\n<td width=\"54\" data-mce-fragment=\"1\">\n<p data-mce-fragment=\"1\">20 minuti<\/p>\n<\/td>\n<\/tr>\n<tr data-mce-fragment=\"1\">\n<td width=\"172\" data-mce-fragment=\"1\">\n<p data-mce-fragment=\"1\"><strong data-mce-fragment=\"1\">\u201cAzzorre alte e Islanda basse\u201d<\/strong><br data-mce-fragment=\"1\"> Universo ORF<\/p>\n<\/td>\n<td width=\"113\" data-mce-fragment=\"1\">\n<p data-mce-fragment=\"1\">ORF, pellicola EPO<\/p>\n<\/td>\n<td width=\"45\" data-mce-fragment=\"1\">\n<p data-mce-fragment=\"1\">2004<\/p>\n<\/td>\n<td width=\"126\" data-mce-fragment=\"1\">\n<p data-mce-fragment=\"1\">Telecamera, coordinamento Alto Adige<\/p>\n<\/td>\n<td width=\"125\" data-mce-fragment=\"1\">\n<p data-mce-fragment=\"1\">Alto Adige<\/p>\n<\/td>\n<td width=\"54\" data-mce-fragment=\"1\">\n<p data-mce-fragment=\"1\">45 minuti<\/p>\n<\/td>\n<\/tr>\n<tr data-mce-fragment=\"1\">\n<td width=\"172\" data-mce-fragment=\"1\">\n<p data-mce-fragment=\"1\"><strong data-mce-fragment=\"1\">\u201cLa Grande Morte \u2013 La Peste in Alto Adige\u201d<br data-mce-fragment=\"1\"><\/strong><\/p>\n<\/td>\n<td width=\"113\" data-mce-fragment=\"1\">\n<p data-mce-fragment=\"1\">RAIBolzano<\/p>\n<\/td>\n<td width=\"45\" data-mce-fragment=\"1\">\n<p data-mce-fragment=\"1\">2004<\/p>\n<\/td>\n<td width=\"126\" data-mce-fragment=\"1\">\n<p data-mce-fragment=\"1\">Regia, telecamera, montaggio, produzione<\/p>\n<\/td>\n<td width=\"125\" data-mce-fragment=\"1\">\n<p data-mce-fragment=\"1\">Alto Adige<\/p>\n<\/td>\n<td width=\"54\" data-mce-fragment=\"1\">\n<p data-mce-fragment=\"1\">25 minuti<\/p>\n<\/td>\n<\/tr>\n<tr data-mce-fragment=\"1\">\n<td width=\"172\" data-mce-fragment=\"1\">\n<p data-mce-fragment=\"1\"><strong data-mce-fragment=\"1\">\u201cSulle tracce dello stambecco\u201d<br data-mce-fragment=\"1\"><\/strong><\/p>\n<\/td>\n<td width=\"113\" data-mce-fragment=\"1\">\n<p data-mce-fragment=\"1\">RAI Bolzano, RAI TRE<\/p>\n<\/td>\n<td width=\"45\" data-mce-fragment=\"1\">\n<p data-mce-fragment=\"1\">2005<\/p>\n<\/td>\n<td width=\"126\" data-mce-fragment=\"1\">\n<p data-mce-fragment=\"1\">Regia, telecamera, montaggio, produzione<\/p>\n<\/td>\n<td width=\"125\" data-mce-fragment=\"1\">\n<p data-mce-fragment=\"1\">Svizzera, Alto Adige<\/p>\n<\/td>\n<td width=\"54\" data-mce-fragment=\"1\">\n<p data-mce-fragment=\"1\">45 minuti<\/p>\n<\/td>\n<\/tr>\n<tr data-mce-fragment=\"1\">\n<td width=\"172\" data-mce-fragment=\"1\">\n<p data-mce-fragment=\"1\"><strong data-mce-fragment=\"1\">\u201cLo stambecco, un mito in montagna\u201d<br data-mce-fragment=\"1\"><\/strong><\/p>\n<\/td>\n<td width=\"113\" data-mce-fragment=\"1\">\n<p data-mce-fragment=\"1\">RAIBolzano<\/p>\n<\/td>\n<td width=\"45\" data-mce-fragment=\"1\">\n<p data-mce-fragment=\"1\">2005<\/p>\n<\/td>\n<td width=\"126\" data-mce-fragment=\"1\">\n<p data-mce-fragment=\"1\">Regia, telecamera, montaggio, produzione<\/p>\n<\/td>\n<td width=\"125\" data-mce-fragment=\"1\">\n<p data-mce-fragment=\"1\">Svizzera, Alto Adige<\/p>\n<\/td>\n<td width=\"54\" data-mce-fragment=\"1\">\n<p data-mce-fragment=\"1\">45 minuti<\/p>\n<\/td>\n<\/tr>\n<tr data-mce-fragment=\"1\">\n<td width=\"172\" data-mce-fragment=\"1\">\n<p data-mce-fragment=\"1\"><strong data-mce-fragment=\"1\">\u201cPerch\u00e9 non hanno piet\u00e0 \u2013 Sulle tracce dell\u2019Italo Western\u201d<br data-mce-fragment=\"1\"><\/strong><\/p>\n<\/td>\n<td width=\"113\" data-mce-fragment=\"1\">\n<p data-mce-fragment=\"1\">Movieman Produzioni, ARD, ARTE<\/p>\n<\/td>\n<td width=\"45\" data-mce-fragment=\"1\">\n<p data-mce-fragment=\"1\">2005<\/p>\n<\/td>\n<td width=\"126\" data-mce-fragment=\"1\">\n<p data-mce-fragment=\"1\">telecamera<\/p>\n<\/td>\n<td width=\"125\" data-mce-fragment=\"1\">\n<p data-mce-fragment=\"1\">Spagna<\/p>\n<\/td>\n<td width=\"54\" data-mce-fragment=\"1\">\n<p data-mce-fragment=\"1\">50 minuti<\/p>\n<\/td>\n<\/tr>\n<tr data-mce-fragment=\"1\">\n<td width=\"172\" data-mce-fragment=\"1\">\n<p data-mce-fragment=\"1\"><strong data-mce-fragment=\"1\">\u201cAttraverso le Alpi selvagge\u201d<\/strong><br data-mce-fragment=\"1\"> Universo ORF<\/p>\n<\/td>\n<td width=\"113\" data-mce-fragment=\"1\">\n<p data-mce-fragment=\"1\">ORF, RAI Bolzano, EPO Film, BR<\/p>\n<\/td>\n<td width=\"45\" data-mce-fragment=\"1\">\n<p data-mce-fragment=\"1\">2004\/2005<\/p>\n<\/td>\n<td width=\"126\" data-mce-fragment=\"1\">\n<p data-mce-fragment=\"1\">Telecamera, coordinamento Alto Adige, regia<\/p>\n<\/td>\n<td width=\"125\" data-mce-fragment=\"1\">\n<p data-mce-fragment=\"1\">Alto Adige<\/p>\n<\/td>\n<td width=\"54\" data-mce-fragment=\"1\">\n<p data-mce-fragment=\"1\">45 minuti<\/p>\n<\/td>\n<\/tr>\n<tr data-mce-fragment=\"1\">\n<td width=\"172\" data-mce-fragment=\"1\">\n<p data-mce-fragment=\"1\">Parchi naturali dell&#8217;Alto Adige<br data-mce-fragment=\"1\"> <strong data-mce-fragment=\"1\">\u201cTesoro della diversit\u00e0\u201d<\/strong><\/p>\n<\/td>\n<td width=\"113\" data-mce-fragment=\"1\">\n<p data-mce-fragment=\"1\">RAI Bolzano, ORF, BR, 3SAT, Provincia Autonoma di Bolzano \u2013 Dipartimento Parchi Naturali<\/p>\n<\/td>\n<td width=\"45\" data-mce-fragment=\"1\">\n<p data-mce-fragment=\"1\">2006<\/p>\n<\/td>\n<td width=\"126\" data-mce-fragment=\"1\">\n<p data-mce-fragment=\"1\">Regia, telecamera, montaggio, produzione<\/p>\n<\/td>\n<td width=\"125\" data-mce-fragment=\"1\">\n<p data-mce-fragment=\"1\">Alto Adige<\/p>\n<\/td>\n<td width=\"54\" data-mce-fragment=\"1\">\n<p data-mce-fragment=\"1\">45 minuti<\/p>\n<\/td>\n<\/tr>\n<tr data-mce-fragment=\"1\">\n<td width=\"172\" data-mce-fragment=\"1\">\n<p data-mce-fragment=\"1\"><strong data-mce-fragment=\"1\">\u201cIn armonia con la natura e l\u2019uomo \u2013 l\u2019arciduca Giovanni e l\u2019Alto Adige\u201d<br data-mce-fragment=\"1\"><\/strong><\/p>\n<\/td>\n<td width=\"113\" data-mce-fragment=\"1\">\n<p data-mce-fragment=\"1\">RAIBolzano<\/p>\n<\/td>\n<td width=\"45\" data-mce-fragment=\"1\">\n<p data-mce-fragment=\"1\">2006<\/p>\n<\/td>\n<td width=\"126\" data-mce-fragment=\"1\">\n<p data-mce-fragment=\"1\">Regia, telecamera, montaggio, produzione<\/p>\n<\/td>\n<td width=\"125\" data-mce-fragment=\"1\">\n<p data-mce-fragment=\"1\">Alto Adige<\/p>\n<\/td>\n<td width=\"54\" data-mce-fragment=\"1\">\n<p data-mce-fragment=\"1\">25 minuti<\/p>\n<\/td>\n<\/tr>\n<tr data-mce-fragment=\"1\">\n<td width=\"172\" data-mce-fragment=\"1\">\n<p data-mce-fragment=\"1\"><strong data-mce-fragment=\"1\">\u201cUNI CREDITO BANCA\u201d<br data-mce-fragment=\"1\"><\/strong><\/p>\n<\/td>\n<td width=\"113\" data-mce-fragment=\"1\">\n<p data-mce-fragment=\"1\">CREDITO UNI<\/p>\n<\/td>\n<td width=\"45\" data-mce-fragment=\"1\">\n<p data-mce-fragment=\"1\">2006<\/p>\n<\/td>\n<td width=\"126\" data-mce-fragment=\"1\">\n<p data-mce-fragment=\"1\">Regia, telecamera, montaggio, produzione<\/p>\n<\/td>\n<td width=\"125\" data-mce-fragment=\"1\">\n<p data-mce-fragment=\"1\">Sesto, Alto Adige<\/p>\n<\/td>\n<td width=\"54\" data-mce-fragment=\"1\">\n<p data-mce-fragment=\"1\">50 minuti<\/p>\n<\/td>\n<\/tr>\n<tr data-mce-fragment=\"1\">\n<td width=\"172\" data-mce-fragment=\"1\">\n<p data-mce-fragment=\"1\"><strong data-mce-fragment=\"1\">Dolomiti Superbike 10 anni<br data-mce-fragment=\"1\"><\/strong><\/p>\n<\/td>\n<td width=\"113\" data-mce-fragment=\"1\">\n<p data-mce-fragment=\"1\">RAI Bolzano, ZDF, ARD, MDR, ORF<\/p>\n<\/td>\n<td width=\"45\" data-mce-fragment=\"1\">\n<p data-mce-fragment=\"1\">1997 &#8211; 2007<\/p>\n<\/td>\n<td width=\"126\" data-mce-fragment=\"1\">\n<p data-mce-fragment=\"1\">Regia, telecamera, montaggio, produzione<\/p>\n<\/td>\n<td width=\"125\" data-mce-fragment=\"1\">\n<p data-mce-fragment=\"1\">Alto Adige<\/p>\n<\/td>\n<td width=\"54\" data-mce-fragment=\"1\">\n<p data-mce-fragment=\"1\">15 minuti ciascuno<\/p>\n<\/td>\n<\/tr>\n<tr data-mce-fragment=\"1\">\n<td width=\"172\" data-mce-fragment=\"1\">\n<p data-mce-fragment=\"1\"><strong data-mce-fragment=\"1\">\u201cTra roverella e pino\u201d<br data-mce-fragment=\"1\"><\/strong><\/p>\n<\/td>\n<td width=\"113\" data-mce-fragment=\"1\">\n<p data-mce-fragment=\"1\">RAI Bolzano, Provincia Autonoma di Bolzano &#8211; Corpo Forestale<\/p>\n<\/td>\n<td width=\"45\" data-mce-fragment=\"1\">\n<p data-mce-fragment=\"1\">2007<\/p>\n<\/td>\n<td width=\"126\" data-mce-fragment=\"1\">\n<p data-mce-fragment=\"1\">Regia, telecamera, montaggio, produzione<\/p>\n<\/td>\n<td width=\"125\" data-mce-fragment=\"1\">\n<p data-mce-fragment=\"1\">Alto Adige<\/p>\n<\/td>\n<td width=\"54\" data-mce-fragment=\"1\">\n<p data-mce-fragment=\"1\">45 minuti<\/p>\n<\/td>\n<\/tr>\n<tr data-mce-fragment=\"1\">\n<td width=\"172\" data-mce-fragment=\"1\">\n<p data-mce-fragment=\"1\"><strong data-mce-fragment=\"1\">\u201cAlto Adige \u2013 vivere in un gioiello naturale\u201d<\/strong><br data-mce-fragment=\"1\"> Universo ORF<\/p>\n<\/td>\n<td width=\"113\" data-mce-fragment=\"1\">\n<p data-mce-fragment=\"1\">ORF, RAI Bolzano, 3sabato, BR, ARD<\/p>\n<\/td>\n<td width=\"45\" data-mce-fragment=\"1\">\n<p data-mce-fragment=\"1\">2007<\/p>\n<\/td>\n<td width=\"126\" data-mce-fragment=\"1\">\n<p data-mce-fragment=\"1\">Regia, telecamera, montaggio, produzione<\/p>\n<\/td>\n<td width=\"125\" data-mce-fragment=\"1\">\n<p data-mce-fragment=\"1\">Alto Adige<\/p>\n<\/td>\n<td width=\"54\" data-mce-fragment=\"1\">45 minuti<\/td>\n<\/tr>\n<tr data-mce-fragment=\"1\">\n<td width=\"172\" data-mce-fragment=\"1\">\n<p data-mce-fragment=\"1\"><strong data-mce-fragment=\"1\">\u201cWinnetou non deve morire\u201d<br data-mce-fragment=\"1\"><\/strong> con Pierre Brice<\/p>\n<\/td>\n<td width=\"113\" data-mce-fragment=\"1\">\n<p data-mce-fragment=\"1\">ARD, ARTE, Movieman Productions<\/p>\n<\/td>\n<td width=\"45\" data-mce-fragment=\"1\">\n<p data-mce-fragment=\"1\">2007<\/p>\n<\/td>\n<td width=\"126\" data-mce-fragment=\"1\">\n<p data-mce-fragment=\"1\">telecamera<\/p>\n<\/td>\n<td width=\"125\" data-mce-fragment=\"1\">\n<p data-mce-fragment=\"1\">Croazia<\/p>\n<\/td>\n<td width=\"54\" data-mce-fragment=\"1\">\n<p data-mce-fragment=\"1\">50 minuti<\/p>\n<\/td>\n<\/tr>\n<tr data-mce-fragment=\"1\">\n<td width=\"172\" data-mce-fragment=\"1\">\n<p data-mce-fragment=\"1\"><strong data-mce-fragment=\"1\">\u201cLe Quattro Alpi\u201d<\/strong><br data-mce-fragment=\"1\"> Universo ORF<\/p>\n<\/td>\n<td width=\"113\" data-mce-fragment=\"1\">\n<p data-mce-fragment=\"1\">ORF, 3 sab<\/p>\n<\/td>\n<td width=\"45\" data-mce-fragment=\"1\">\n<p data-mce-fragment=\"1\">2007<\/p>\n<\/td>\n<td width=\"126\" data-mce-fragment=\"1\">\n<p data-mce-fragment=\"1\">telecamera<\/p>\n<\/td>\n<td width=\"125\" data-mce-fragment=\"1\">\n<p data-mce-fragment=\"1\">Alto Adige<\/p>\n<\/td>\n<td width=\"54\" data-mce-fragment=\"1\">\n<p data-mce-fragment=\"1\">45 minuti<\/p>\n<\/td>\n<\/tr>\n<tr data-mce-fragment=\"1\">\n<td width=\"172\" data-mce-fragment=\"1\">\n<p data-mce-fragment=\"1\"><strong data-mce-fragment=\"1\">Campionati internazionali di sci doganale<\/strong><\/p>\n<\/td>\n<td width=\"113\" data-mce-fragment=\"1\">\n<p data-mce-fragment=\"1\">Autorit\u00e0 federale delle dogane, ORF<\/p>\n<\/td>\n<td width=\"45\" data-mce-fragment=\"1\">\n<p data-mce-fragment=\"1\">2007<\/p>\n<\/td>\n<td width=\"126\" data-mce-fragment=\"1\">\n<p data-mce-fragment=\"1\">Regia, telecamera, montaggio, produzione<\/p>\n<\/td>\n<td width=\"125\" data-mce-fragment=\"1\">\n<p data-mce-fragment=\"1\">Tirolo Orientale, Alto Adige<\/p>\n<\/td>\n<td width=\"54\" data-mce-fragment=\"1\">\n<p data-mce-fragment=\"1\">60 minuti<\/p>\n<\/td>\n<\/tr>\n<tr data-mce-fragment=\"1\">\n<td width=\"172\" data-mce-fragment=\"1\">\n<p data-mce-fragment=\"1\">Caseificio Dobbiaco<span data-mce-fragment=\"1\">&nbsp;<\/span><strong data-mce-fragment=\"1\">\u201cDove sbocciano i fiori, l\u2019allevamento del latte nell\u2019Alta Pusteria\u201d<\/strong><\/p>\n<\/td>\n<td width=\"113\" data-mce-fragment=\"1\">\n<p data-mce-fragment=\"1\">Caseificio Dobbiaco<\/p>\n<\/td>\n<td width=\"45\" data-mce-fragment=\"1\">\n<p data-mce-fragment=\"1\">2008<\/p>\n<\/td>\n<td width=\"126\" data-mce-fragment=\"1\">\n<p data-mce-fragment=\"1\">Regia, telecamera, montaggio, produzione<\/p>\n<\/td>\n<td width=\"125\" data-mce-fragment=\"1\">\n<p data-mce-fragment=\"1\">Dobbiaco Alto Adige<\/p>\n<\/td>\n<td width=\"54\" data-mce-fragment=\"1\">\n<p data-mce-fragment=\"1\">25 minuti<\/p>\n<\/td>\n<\/tr>\n<tr data-mce-fragment=\"1\">\n<td width=\"172\" data-mce-fragment=\"1\">\n<p data-mce-fragment=\"1\">Film pubblicitario Niederdorf<span data-mce-fragment=\"1\">&nbsp;<\/span><strong data-mce-fragment=\"1\">\u201cNiederdorf, gioiello delle Dolomiti\u201d<\/strong><\/p>\n<\/td>\n<td width=\"113\" data-mce-fragment=\"1\">\n<p data-mce-fragment=\"1\">Associazione turistica Niederdorf<\/p>\n<\/td>\n<td width=\"45\" data-mce-fragment=\"1\">\n<p data-mce-fragment=\"1\">2008<\/p>\n<\/td>\n<td width=\"126\" data-mce-fragment=\"1\">\n<p data-mce-fragment=\"1\">Regia, telecamera, montaggio, produzione<\/p>\n<\/td>\n<td width=\"125\" data-mce-fragment=\"1\">\n<p data-mce-fragment=\"1\">Niederdorf Alto Adige<\/p>\n<\/td>\n<td width=\"54\" data-mce-fragment=\"1\">\n<p data-mce-fragment=\"1\">45 minuti<\/p>\n<\/td>\n<\/tr>\n<tr data-mce-fragment=\"1\">\n<td width=\"172\" data-mce-fragment=\"1\">\n<p data-mce-fragment=\"1\">Foresta di film scolastici<br data-mce-fragment=\"1\"> <strong data-mce-fragment=\"1\">\u201cL\u2019habitat del bosco in Alto Adige\u201d<br data-mce-fragment=\"1\"> \u201cComunit\u00e0 forestale dell\u2019Alto Adige\u201d<\/strong><\/p>\n<\/td>\n<td width=\"113\" data-mce-fragment=\"1\">\n<p data-mce-fragment=\"1\">RAI Bolzano, Provincia Autonoma di Bolzano &#8211; Corpo Forestale<\/p>\n<\/td>\n<td width=\"45\" data-mce-fragment=\"1\">\n<p data-mce-fragment=\"1\">2008<\/p>\n<\/td>\n<td width=\"126\" data-mce-fragment=\"1\">\n<p data-mce-fragment=\"1\">Regia, telecamera, montaggio, produzione<\/p>\n<\/td>\n<td width=\"125\" data-mce-fragment=\"1\">\n<p data-mce-fragment=\"1\">Alto Adige<\/p>\n<\/td>\n<td width=\"54\" data-mce-fragment=\"1\">\n<p data-mce-fragment=\"1\">20 minuti ciascuno<\/p>\n<\/td>\n<\/tr>\n<tr data-mce-fragment=\"1\">\n<td width=\"172\" data-mce-fragment=\"1\">\n<p data-mce-fragment=\"1\">Compagnia di film d&#8217;immagine<span data-mce-fragment=\"1\">&nbsp;<\/span><strong data-mce-fragment=\"1\">Krautgasser<\/strong><\/p>\n<\/td>\n<td width=\"113\" data-mce-fragment=\"1\">\n<p data-mce-fragment=\"1\">Krautgasser<\/p>\n<\/td>\n<td width=\"45\" data-mce-fragment=\"1\">\n<p data-mce-fragment=\"1\">2008<\/p>\n<\/td>\n<td width=\"126\" data-mce-fragment=\"1\">\n<p data-mce-fragment=\"1\">Regia, telecamera, montaggio, produzione<\/p>\n<\/td>\n<td width=\"125\" data-mce-fragment=\"1\">\n<p data-mce-fragment=\"1\">Tirolo Orientale<\/p>\n<\/td>\n<td width=\"54\" data-mce-fragment=\"1\">\n<p data-mce-fragment=\"1\">15 minuti<\/p>\n<\/td>\n<\/tr>\n<tr data-mce-fragment=\"1\">\n<td width=\"172\" data-mce-fragment=\"1\">\n<p data-mce-fragment=\"1\"><strong data-mce-fragment=\"1\">\u201cMuseo Regionale del Folklore dell\u2019Alto Adige \u2013 Dietenheim\u201d<\/strong><\/p>\n<\/td>\n<td width=\"113\" data-mce-fragment=\"1\">\n<p data-mce-fragment=\"1\">RAI Bolzano, Provincia Autonoma di Bolzano<\/p>\n<\/td>\n<td width=\"45\" data-mce-fragment=\"1\">\n<p data-mce-fragment=\"1\">2008<\/p>\n<\/td>\n<td width=\"126\" data-mce-fragment=\"1\">\n<p data-mce-fragment=\"1\">Regia, telecamera, montaggio, produzione<\/p>\n<\/td>\n<td width=\"125\" data-mce-fragment=\"1\">\n<p data-mce-fragment=\"1\">Alto Adige<\/p>\n<\/td>\n<td width=\"54\" data-mce-fragment=\"1\">\n<p data-mce-fragment=\"1\">25 minuti<\/p>\n<\/td>\n<\/tr>\n<tr data-mce-fragment=\"1\">\n<td width=\"172\" data-mce-fragment=\"1\">\n<p data-mce-fragment=\"1\"><strong data-mce-fragment=\"1\">&#8220;Lascia che nevichi&#8221;<\/strong><br data-mce-fragment=\"1\"> Universo ORF<\/p>\n<\/td>\n<td width=\"113\" data-mce-fragment=\"1\">\n<p data-mce-fragment=\"1\">ORF, Film EPO, 3 sab<\/p>\n<\/td>\n<td width=\"45\" data-mce-fragment=\"1\">\n<p data-mce-fragment=\"1\">2008<\/p>\n<\/td>\n<td width=\"126\" data-mce-fragment=\"1\">\n<p data-mce-fragment=\"1\">Telecamera, coordinamento Alto Adige<\/p>\n<\/td>\n<td width=\"125\" data-mce-fragment=\"1\">\n<p data-mce-fragment=\"1\">Alto Adige<\/p>\n<\/td>\n<td width=\"54\" data-mce-fragment=\"1\">\n<p data-mce-fragment=\"1\">45 minuti<\/p>\n<\/td>\n<\/tr>\n<tr data-mce-fragment=\"1\">\n<td width=\"172\" data-mce-fragment=\"1\">\n<p data-mce-fragment=\"1\"><strong data-mce-fragment=\"1\">\u201cIncontro lontano da casa a Sand i. Tures\u201d<br data-mce-fragment=\"1\"><\/strong><\/p>\n<\/td>\n<td width=\"113\" data-mce-fragment=\"1\">\n<p data-mce-fragment=\"1\">Comune di Campo Tures<\/p>\n<\/td>\n<td width=\"45\" data-mce-fragment=\"1\">\n<p data-mce-fragment=\"1\">2005-2008<\/p>\n<\/td>\n<td width=\"126\" data-mce-fragment=\"1\">\n<p data-mce-fragment=\"1\">Regia, telecamera, montaggio, produzione<\/p>\n<\/td>\n<td width=\"125\" data-mce-fragment=\"1\">\n<p data-mce-fragment=\"1\">Alto Adige<\/p>\n<\/td>\n<td width=\"54\" data-mce-fragment=\"1\">\n<p data-mce-fragment=\"1\">50 minuti<\/p>\n<\/td>\n<\/tr>\n<tr data-mce-fragment=\"1\">\n<td width=\"172\" data-mce-fragment=\"1\">\n<p data-mce-fragment=\"1\"><strong data-mce-fragment=\"1\">\u201cSul crinale dei tempi e delle culture \u2013 lungo l\u2019Alta Via Carnica\u201d<br data-mce-fragment=\"1\"><\/strong><\/p>\n<\/td>\n<td width=\"113\" data-mce-fragment=\"1\">\n<p data-mce-fragment=\"1\">SR, SWR, BR, MDR, WDR, NDR<\/p>\n<\/td>\n<td width=\"45\" data-mce-fragment=\"1\">\n<p data-mce-fragment=\"1\">2009<\/p>\n<\/td>\n<td width=\"126\" data-mce-fragment=\"1\">\n<p data-mce-fragment=\"1\">Regia, telecamera, montaggio, produzione<\/p>\n<\/td>\n<td width=\"125\" data-mce-fragment=\"1\">\n<p data-mce-fragment=\"1\">Tirolo Orientale, Carinzia, Alto Adige<\/p>\n<\/td>\n<td width=\"54\" data-mce-fragment=\"1\">\n<p data-mce-fragment=\"1\">45 minuti<\/p>\n<\/td>\n<\/tr>\n<tr data-mce-fragment=\"1\">\n<td width=\"172\" data-mce-fragment=\"1\">\n<p data-mce-fragment=\"1\"><strong data-mce-fragment=\"1\">\u201cNel giardino delle Dolomiti \u2013 attraverso le alte valli dell\u2019Est e dell\u2019Alto Adige\u201d<\/strong><\/p>\n<\/td>\n<td width=\"113\" data-mce-fragment=\"1\">\n<p data-mce-fragment=\"1\">SR, SWR, BR, MDR, WDR, NDR<\/p>\n<\/td>\n<td width=\"45\" data-mce-fragment=\"1\">\n<p data-mce-fragment=\"1\">2009<\/p>\n<\/td>\n<td width=\"126\" data-mce-fragment=\"1\">\n<p data-mce-fragment=\"1\">Regia, telecamera, montaggio, produzione<\/p>\n<\/td>\n<td width=\"125\" data-mce-fragment=\"1\">\n<p data-mce-fragment=\"1\">Tirolo Orientale, Alto Adige<\/p>\n<\/td>\n<td width=\"54\" data-mce-fragment=\"1\">\n<p data-mce-fragment=\"1\">45 minuti<\/p>\n<\/td>\n<\/tr>\n<tr data-mce-fragment=\"1\">\n<td width=\"172\" data-mce-fragment=\"1\">\n<p data-mce-fragment=\"1\">Film 1809 Andreas Hofer<br data-mce-fragment=\"1\"> <strong data-mce-fragment=\"1\">\u201cPer la Patria e contro le riforme\u201d<br data-mce-fragment=\"1\"><\/strong><\/p>\n<\/td>\n<td width=\"113\" data-mce-fragment=\"1\">\n<p data-mce-fragment=\"1\">RAIBolzano<\/p>\n<\/td>\n<td width=\"45\" data-mce-fragment=\"1\">\n<p data-mce-fragment=\"1\">2009<\/p>\n<\/td>\n<td width=\"126\" data-mce-fragment=\"1\">\n<p data-mce-fragment=\"1\">Regia, telecamera, montaggio, produzione<\/p>\n<\/td>\n<td width=\"125\" data-mce-fragment=\"1\">\n<p data-mce-fragment=\"1\">Tirolo del Nord, Alto Adige<\/p>\n<\/td>\n<td width=\"54\" data-mce-fragment=\"1\">\n<p data-mce-fragment=\"1\">45 minuti<\/p>\n<\/td>\n<\/tr>\n<tr data-mce-fragment=\"1\">\n<td width=\"172\" data-mce-fragment=\"1\">\n<p data-mce-fragment=\"1\"><strong data-mce-fragment=\"1\">\u201cIl fascino dei film di montagna \u2013 in alto nel cielo e in basso nell\u2019abisso\u201d<br data-mce-fragment=\"1\"><\/strong><\/p>\n<\/td>\n<td width=\"113\" data-mce-fragment=\"1\">\n<p data-mce-fragment=\"1\">Movieman Productions, SWR, ARTE, 3 sab<\/p>\n<\/td>\n<td width=\"45\" data-mce-fragment=\"1\">\n<p data-mce-fragment=\"1\">2009<\/p>\n<\/td>\n<td width=\"126\" data-mce-fragment=\"1\">\n<p data-mce-fragment=\"1\">Fotocamera, editing<\/p>\n<\/td>\n<td width=\"125\" data-mce-fragment=\"1\">\n<p data-mce-fragment=\"1\">Alto Adige, Bologna<\/p>\n<\/td>\n<td width=\"54\" data-mce-fragment=\"1\">\n<p data-mce-fragment=\"1\">58 minuti<\/p>\n<\/td>\n<\/tr>\n<tr data-mce-fragment=\"1\">\n<td width=\"172\" data-mce-fragment=\"1\">\n<p data-mce-fragment=\"1\"><strong data-mce-fragment=\"1\">\u201cProtezione attiva dalle catastrofi\u201d<br data-mce-fragment=\"1\"><\/strong><\/p>\n<\/td>\n<td width=\"113\" data-mce-fragment=\"1\">\n<p data-mce-fragment=\"1\">RAIBolzano<\/p>\n<\/td>\n<td width=\"45\" data-mce-fragment=\"1\">\n<p data-mce-fragment=\"1\">2009<\/p>\n<\/td>\n<td width=\"126\" data-mce-fragment=\"1\">\n<p data-mce-fragment=\"1\">Regia, telecamera, montaggio, produzione<\/p>\n<\/td>\n<td width=\"125\" data-mce-fragment=\"1\">\n<p data-mce-fragment=\"1\">Alto Adige<\/p>\n<\/td>\n<td width=\"54\" data-mce-fragment=\"1\">\n<p data-mce-fragment=\"1\">20 minuti<\/p>\n<\/td>\n<\/tr>\n<tr data-mce-fragment=\"1\">\n<td width=\"172\" data-mce-fragment=\"1\">\n<p data-mce-fragment=\"1\"><strong data-mce-fragment=\"1\">Maratona alpina Drei Zinnen Sesto<br data-mce-fragment=\"1\"><\/strong><\/p>\n<\/td>\n<td width=\"113\" data-mce-fragment=\"1\">\n<p data-mce-fragment=\"1\">Helmbahnen Sesto, TV Sesto<\/p>\n<\/td>\n<td width=\"45\" data-mce-fragment=\"1\">\n<p data-mce-fragment=\"1\">2005-2010<\/p>\n<\/td>\n<td width=\"126\" data-mce-fragment=\"1\">\n<p data-mce-fragment=\"1\">Regia, telecamera, montaggio, produzione<\/p>\n<\/td>\n<td width=\"125\" data-mce-fragment=\"1\">\n<p data-mce-fragment=\"1\">Alto Adige<\/p>\n<\/td>\n<td width=\"54\" data-mce-fragment=\"1\">\n<p data-mce-fragment=\"1\">6 minuti ciascuno<\/p>\n<\/td>\n<\/tr>\n<tr data-mce-fragment=\"1\">\n<td width=\"172\" data-mce-fragment=\"1\">\n<p data-mce-fragment=\"1\"><strong data-mce-fragment=\"1\">\u201cAlta Via Carnica \u2013 Una via dal passato, una via che guarda al futuro\u201d<br data-mce-fragment=\"1\"><\/strong><\/p>\n<\/td>\n<td width=\"113\" data-mce-fragment=\"1\">\n<p data-mce-fragment=\"1\">Stato del Tirolo, OEAV, Via Alpina<\/p>\n<\/td>\n<td width=\"45\" data-mce-fragment=\"1\">\n<p data-mce-fragment=\"1\">2010<\/p>\n<\/td>\n<td width=\"126\" data-mce-fragment=\"1\">\n<p data-mce-fragment=\"1\">Regia, telecamera, montaggio, produzione<\/p>\n<\/td>\n<td width=\"125\" data-mce-fragment=\"1\">\n<p data-mce-fragment=\"1\">Tirolo Orientale, Carinzia, Alto Adige<\/p>\n<\/td>\n<td width=\"54\" data-mce-fragment=\"1\">\n<p data-mce-fragment=\"1\">45 minuti<\/p>\n<\/td>\n<\/tr>\n<tr data-mce-fragment=\"1\">\n<td width=\"172\" data-mce-fragment=\"1\">\n<p data-mce-fragment=\"1\"><strong data-mce-fragment=\"1\">\u201cGustav Mahler a Dobbiaco \u2013 Luoghi della Memoria\u201d<br data-mce-fragment=\"1\"><\/strong><\/p>\n<\/td>\n<td width=\"113\" data-mce-fragment=\"1\">\n<p data-mce-fragment=\"1\">RAIBolzano<\/p>\n<\/td>\n<td width=\"45\" data-mce-fragment=\"1\">\n<p data-mce-fragment=\"1\">2010<\/p>\n<\/td>\n<td width=\"126\" data-mce-fragment=\"1\">\n<p data-mce-fragment=\"1\">Regia, telecamera, montaggio, produzione<\/p>\n<\/td>\n<td width=\"125\" data-mce-fragment=\"1\">\n<p data-mce-fragment=\"1\">Vienna, Alto Adige, Carinzia<\/p>\n<\/td>\n<td width=\"54\" data-mce-fragment=\"1\">\n<p data-mce-fragment=\"1\">45 minuti<\/p>\n<\/td>\n<\/tr>\n<tr data-mce-fragment=\"1\">\n<td width=\"172\" data-mce-fragment=\"1\">\n<p data-mce-fragment=\"1\"><strong data-mce-fragment=\"1\">Associazione dei giovani contadini tirolesi Giovent\u00f9 rurale<\/strong><span data-mce-fragment=\"1\">&nbsp;<\/span>\u2013 Film d&#8217;immagine, commerciale<\/p>\n<\/td>\n<td width=\"113\" data-mce-fragment=\"1\">\n<p data-mce-fragment=\"1\">Giovani agricoltori\/giovani rurali tirolesi<\/p>\n<\/td>\n<td width=\"45\" data-mce-fragment=\"1\">\n<p data-mce-fragment=\"1\">2010<\/p>\n<\/td>\n<td width=\"126\" data-mce-fragment=\"1\">\n<p data-mce-fragment=\"1\">Regia, telecamera, montaggio, produzione<\/p>\n<\/td>\n<td width=\"125\" data-mce-fragment=\"1\">\n<p data-mce-fragment=\"1\">Tirolo del Nord, Alto Adige<\/p>\n<\/td>\n<td width=\"54\" data-mce-fragment=\"1\">\n<p data-mce-fragment=\"1\">10 minuti<\/p>\n<\/td>\n<\/tr>\n<tr data-mce-fragment=\"1\">\n<td width=\"172\" data-mce-fragment=\"1\">\n<p data-mce-fragment=\"1\"><strong data-mce-fragment=\"1\">Giovani agricoltori altoatesini<\/strong><\/p>\n<\/td>\n<td width=\"113\" data-mce-fragment=\"1\">\n<p data-mce-fragment=\"1\">RAI Bolzano, Associazione Contadini Alto Adige<\/p>\n<\/td>\n<td width=\"45\" data-mce-fragment=\"1\">\n<p data-mce-fragment=\"1\">2010<\/p>\n<\/td>\n<td width=\"126\" data-mce-fragment=\"1\">\n<p data-mce-fragment=\"1\">Regia, telecamera, montaggio, produzione<\/p>\n<\/td>\n<td width=\"125\" data-mce-fragment=\"1\">\n<p data-mce-fragment=\"1\">Alto Adige<\/p>\n<\/td>\n<td width=\"54\" data-mce-fragment=\"1\">\n<p data-mce-fragment=\"1\">20 minuti<\/p>\n<\/td>\n<\/tr>\n<tr data-mce-fragment=\"1\">\n<td width=\"172\" data-mce-fragment=\"1\">\n<p data-mce-fragment=\"1\"><strong data-mce-fragment=\"1\">\u201cAnno della foresta \u2013 Foresta di montagna\u201d<br data-mce-fragment=\"1\"><\/strong><\/p>\n<\/td>\n<td width=\"113\" data-mce-fragment=\"1\">\n<p data-mce-fragment=\"1\">ZDF, 3 sab<\/p>\n<\/td>\n<td width=\"45\" data-mce-fragment=\"1\">\n<p data-mce-fragment=\"1\">2010<\/p>\n<\/td>\n<td width=\"126\" data-mce-fragment=\"1\">\n<p data-mce-fragment=\"1\">telecamera<\/p>\n<\/td>\n<td width=\"125\" data-mce-fragment=\"1\">\n<p data-mce-fragment=\"1\">Alto Adige<\/p>\n<\/td>\n<td width=\"54\" data-mce-fragment=\"1\">\n<p data-mce-fragment=\"1\">20 minuti<\/p>\n<\/td>\n<\/tr>\n<tr data-mce-fragment=\"1\">\n<td width=\"172\" data-mce-fragment=\"1\">\n<p data-mce-fragment=\"1\"><strong data-mce-fragment=\"1\">Cortometraggi sui parchi naturali<br data-mce-fragment=\"1\"><\/strong> (Parco Naturale Tre Cime, Vedrette di Ries Aurina, Fanes Senes Braies, Corno di Monte, Catinaccio dello Sciliar, Gruppo di Tessa, Puez Geisler)<\/p>\n<\/td>\n<td width=\"113\" data-mce-fragment=\"1\">\n<p data-mce-fragment=\"1\">RAI Bolzano, Provincia Autonoma di Bolzano \u2013 Dipartimento Parchi Naturali, RAI Ladin<\/p>\n<\/td>\n<td width=\"45\" data-mce-fragment=\"1\">\n<p data-mce-fragment=\"1\">2006-2011<\/p>\n<\/td>\n<td width=\"126\" data-mce-fragment=\"1\">\n<p data-mce-fragment=\"1\">Regia, telecamera, montaggio, produzione<\/p>\n<\/td>\n<td width=\"125\" data-mce-fragment=\"1\">\n<p data-mce-fragment=\"1\">Alto Adige<\/p>\n<\/td>\n<td width=\"54\" data-mce-fragment=\"1\">\n<p data-mce-fragment=\"1\">20 minuti ciascuno<\/p>\n<\/td>\n<\/tr>\n<tr data-mce-fragment=\"1\">\n<td width=\"172\" data-mce-fragment=\"1\">\n<p data-mce-fragment=\"1\"><strong data-mce-fragment=\"1\">\u201cVivere ai margini in Alto Adige\u201d<br data-mce-fragment=\"1\"><\/strong><\/p>\n<\/td>\n<td width=\"113\" data-mce-fragment=\"1\">\n<p data-mce-fragment=\"1\">SR, SWR, BR, MDR, WDR, NDR<\/p>\n<\/td>\n<td width=\"45\" data-mce-fragment=\"1\">\n<p data-mce-fragment=\"1\">2011<\/p>\n<\/td>\n<td width=\"126\" data-mce-fragment=\"1\">\n<p data-mce-fragment=\"1\">Regia, telecamera, montaggio, produzione<\/p>\n<\/td>\n<td width=\"125\" data-mce-fragment=\"1\">\n<p data-mce-fragment=\"1\">Alto Adige<\/p>\n<\/td>\n<td width=\"54\" data-mce-fragment=\"1\">\n<p data-mce-fragment=\"1\">45 minuti<\/p>\n<\/td>\n<\/tr>\n<tr data-mce-fragment=\"1\">\n<td width=\"172\" data-mce-fragment=\"1\">\n<p data-mce-fragment=\"1\"><strong data-mce-fragment=\"1\">\u201cSopra le vette dell\u2019Alto Adige\u201d<br data-mce-fragment=\"1\"><\/strong><\/p>\n<\/td>\n<td width=\"113\" data-mce-fragment=\"1\">\n<p data-mce-fragment=\"1\">SR, SWR, BR, MDR, WDR, NDR<\/p>\n<\/td>\n<td width=\"45\" data-mce-fragment=\"1\">\n<p data-mce-fragment=\"1\">2013<\/p>\n<\/td>\n<td width=\"126\" data-mce-fragment=\"1\">\n<p data-mce-fragment=\"1\">Regia, telecamera, montaggio, produzione<\/p>\n<\/td>\n<td width=\"125\" data-mce-fragment=\"1\">\n<p data-mce-fragment=\"1\">Alto Adige<\/p>\n<\/td>\n<td width=\"54\" data-mce-fragment=\"1\">\n<p data-mce-fragment=\"1\">45 minuti<\/p>\n<\/td>\n<\/tr>\n<tr data-mce-fragment=\"1\">\n<td width=\"172\" data-mce-fragment=\"1\">\n<p data-mce-fragment=\"1\"><strong data-mce-fragment=\"1\">\u201cPaesaggi golenali dell\u2019Alto Adige\u201d<br data-mce-fragment=\"1\"><\/strong><\/p>\n<\/td>\n<td width=\"113\" data-mce-fragment=\"1\">\n<p data-mce-fragment=\"1\">RAI Bolzano, ORF, ZDF, NDR, ServusTV<\/p>\n<\/td>\n<td width=\"45\" data-mce-fragment=\"1\">\n<p data-mce-fragment=\"1\">2013<\/p>\n<\/td>\n<td width=\"126\" data-mce-fragment=\"1\">\n<p data-mce-fragment=\"1\">Regia, telecamera, montaggio, produzione<\/p>\n<\/td>\n<td width=\"125\" data-mce-fragment=\"1\">\n<p data-mce-fragment=\"1\">Nord Italia, Carinzia, Tirolo del Nord, Alto Adige<\/p>\n<\/td>\n<td width=\"54\" data-mce-fragment=\"1\">50 minuti<\/td>\n<\/tr>\n<tr data-mce-fragment=\"1\">\n<td width=\"172\" data-mce-fragment=\"1\">\n<p data-mce-fragment=\"1\"><strong data-mce-fragment=\"1\">Prezzo del contadino di montagna<br data-mce-fragment=\"1\"><\/strong><\/p>\n<\/td>\n<td width=\"113\" data-mce-fragment=\"1\">\n<p data-mce-fragment=\"1\">RAI Bolzano, Associazione Contadini Alto Adige<\/p>\n<\/td>\n<td width=\"45\" data-mce-fragment=\"1\">\n<p data-mce-fragment=\"1\">2001-2015<\/p>\n<\/td>\n<td width=\"126\" data-mce-fragment=\"1\">\n<p data-mce-fragment=\"1\">Regia, telecamera, montaggio, produzione<\/p>\n<\/td>\n<td width=\"125\" data-mce-fragment=\"1\">\n<p data-mce-fragment=\"1\">Alto Adige<\/p>\n<\/td>\n<td width=\"54\" data-mce-fragment=\"1\">\n<p data-mce-fragment=\"1\">25 minuti ciascuno<\/p>\n<\/td>\n<\/tr>\n<tr data-mce-fragment=\"1\">\n<td width=\"172\" data-mce-fragment=\"1\">\n<p data-mce-fragment=\"1\"><strong data-mce-fragment=\"1\">Lacrime delle Dolomiti di Sesto \u2013 film<br data-mce-fragment=\"1\"><\/strong><\/p>\n<\/td>\n<td width=\"113\" data-mce-fragment=\"1\">\n<p data-mce-fragment=\"1\">RAI Cinema, RAI Bolzano, altri in trattativa<\/p>\n<\/td>\n<td width=\"45\" data-mce-fragment=\"1\">\n<p data-mce-fragment=\"1\">2014<\/p>\n<\/td>\n<td width=\"126\" data-mce-fragment=\"1\">\n<p data-mce-fragment=\"1\">Regia, telecamera, montaggio, produzione<\/p>\n<\/td>\n<td width=\"125\" data-mce-fragment=\"1\">\n<p data-mce-fragment=\"1\">Alto Adige, Tirolo Orientale, Alta Austria, Chioggia Italia<\/p>\n<\/td>\n<td width=\"54\" data-mce-fragment=\"1\">\n<p data-mce-fragment=\"1\">134min<\/p>\n<\/td>\n<\/tr>\n<\/tbody>\n<\/table>\n<\/div>\n<style>\ntable:not(.shop_table) tbody tr:nth-child(2n) {\n    background-color: transparent !important;\n}\n.blog-post-wrapper {\n    max-width: 1100px !important;\n}\n<\/style>\n","protected":false},"excerpt":{"rendered":"<p>La societ\u00e0 di produzione cinematografica geosfilm \u00e8 stata fondata nel 2007 da Hubert Sch\u00f6negger. Sch\u00f6negger lavora nel settore cinematografico dal 1989 &#8211; come pubblicista, cameraman, montatore e regista in produzioni nazionali e internazionali per programmi televisivi trasmessi principalmente nei paesi di lingua tedesca e italiana. In qualit\u00e0 di co-partner Sch\u00f6negger \u00e8 stato anche produttore di&hellip;&nbsp;<a href=\"https:\/\/geosfilm.com\/it\/2023\/11\/06\/referenze\/\" rel=\"bookmark\">Leggi tutto &raquo;<span class=\"screen-reader-text\">Referenze<\/span><\/a><\/p>\n","protected":false},"author":1,"featured_media":3440,"comment_status":"closed","ping_status":"closed","sticky":false,"template":"","format":"standard","meta":{"prwc_products":"","prwc_not_all_products_required":false,"prwc_not_bought_page":"","prwc_redirect_not_bought":false,"prwc_not_logged_in_page":"","prwc_redirect_not_logged_in":false,"prwc_timeout_days":0,"prwc_timeout_hours":0,"prwc_timeout_minutes":0,"prwc_timeout_seconds":0,"prwc_timeout_views":0,"neve_meta_sidebar":"","neve_meta_container":"","neve_meta_enable_content_width":"","neve_meta_content_width":0,"neve_meta_title_alignment":"","neve_meta_author_avatar":"","neve_post_elements_order":"","neve_meta_disable_header":"","neve_meta_disable_footer":"","neve_meta_disable_title":"","_themeisle_gutenberg_block_has_review":false,"footnotes":""},"categories":[],"tags":[450],"class_list":["post-3439","post","type-post","status-publish","format-standard","has-post-thumbnail","hentry","tag-450"],"_links":{"self":[{"href":"https:\/\/geosfilm.com\/it\/wp-json\/wp\/v2\/posts\/3439","targetHints":{"allow":["GET"]}}],"collection":[{"href":"https:\/\/geosfilm.com\/it\/wp-json\/wp\/v2\/posts"}],"about":[{"href":"https:\/\/geosfilm.com\/it\/wp-json\/wp\/v2\/types\/post"}],"author":[{"embeddable":true,"href":"https:\/\/geosfilm.com\/it\/wp-json\/wp\/v2\/users\/1"}],"replies":[{"embeddable":true,"href":"https:\/\/geosfilm.com\/it\/wp-json\/wp\/v2\/comments?post=3439"}],"version-history":[{"count":1,"href":"https:\/\/geosfilm.com\/it\/wp-json\/wp\/v2\/posts\/3439\/revisions"}],"predecessor-version":[{"id":7171,"href":"https:\/\/geosfilm.com\/it\/wp-json\/wp\/v2\/posts\/3439\/revisions\/7171"}],"wp:featuredmedia":[{"embeddable":true,"href":"https:\/\/geosfilm.com\/it\/wp-json\/wp\/v2\/media\/3440"}],"wp:attachment":[{"href":"https:\/\/geosfilm.com\/it\/wp-json\/wp\/v2\/media?parent=3439"}],"wp:term":[{"taxonomy":"category","embeddable":true,"href":"https:\/\/geosfilm.com\/it\/wp-json\/wp\/v2\/categories?post=3439"},{"taxonomy":"post_tag","embeddable":true,"href":"https:\/\/geosfilm.com\/it\/wp-json\/wp\/v2\/tags?post=3439"}],"curies":[{"name":"wp","href":"https:\/\/api.w.org\/{rel}","templated":true}]}}